{"id":1447,"date":"2023-11-28T09:07:48","date_gmt":"2023-11-28T12:07:48","guid":{"rendered":"https:\/\/semus.pmsaraguaia.pa.gov.br\/?p=1447"},"modified":"2023-11-28T09:07:53","modified_gmt":"2023-11-28T12:07:53","slug":"em-prol-da-saude-coletiva-a-secretaria-municipal-de-saude-informa-a-todos-sobre-o-dia-d-de-vacinacao-contra-a-gripe-que-ocorrera-em-02-12-das-08-as-13-horas-em-postos-na-zona-urbana-e-rural-nao","status":"publish","type":"post","link":"https:\/\/semus.pmsaraguaia.pa.gov.br\/?p=1447","title":{"rendered":"&#8220;Em prol da sa\u00fade coletiva, a Secretaria Municipal de Sa\u00fade informa a todos sobre o Dia D de vacina\u00e7\u00e3o contra a gripe, que ocorrer\u00e1 em 02\/12, das 08 \u00e0s 13 horas, em postos na zona urbana e rural. N\u00e3o esque\u00e7a de trazer sua caderneta de vacina\u00e7\u00e3o, CPF ou cart\u00e3o do SUS. A participa\u00e7\u00e3o de cada um \u00e9 fundamental para fortalecer nossa imunidade comunit\u00e1ria. Juntos, constru\u00edmos um escudo de prote\u00e7\u00e3o. Previna-se, vacine-se, contribua para uma vida mais saud\u00e1vel e segura!&#8221;"},"content":{"rendered":"\n<figure class=\"wp-block-image size-large\"><img loading=\"lazy\" decoding=\"async\" width=\"1024\" height=\"1024\" src=\"https:\/\/semus.pmsaraguaia.pa.gov.br\/wp-content\/uploads\/2023\/11\/WhatsApp-Image-2023-11-27-at-18.58.25-1024x1024.jpeg\" alt=\"\" class=\"wp-image-1438\" srcset=\"https:\/\/semus.pmsaraguaia.pa.gov.br\/wp-content\/uploads\/2023\/11\/WhatsApp-Image-2023-11-27-at-18.58.25-1024x1024.jpeg 1024w, https:\/\/semus.pmsaraguaia.pa.gov.br\/wp-content\/uploads\/2023\/11\/WhatsApp-Image-2023-11-27-at-18.58.25-300x300.jpeg 300w, https:\/\/semus.pmsaraguaia.pa.gov.br\/wp-content\/uploads\/2023\/11\/WhatsApp-Image-2023-11-27-at-18.58.25-150x150.jpeg 150w, https:\/\/semus.pmsaraguaia.pa.gov.br\/wp-content\/uploads\/2023\/11\/WhatsApp-Image-2023-11-27-at-18.58.25-768x768.jpeg 768w, https:\/\/semus.pmsaraguaia.pa.gov.br\/wp-content\/uploads\/2023\/11\/WhatsApp-Image-2023-11-27-at-18.58.25.jpeg 1181w\" sizes=\"(max-width: 1024px) 100vw, 1024px\" \/><\/figure>\n","protected":false},"excerpt":{"rendered":"","protected":false},"author":3,"featured_media":1438,"comment_status":"open","ping_status":"open","sticky":false,"template":"","format":"standard","meta":{"footnotes":""},"categories":[1],"tags":[],"_links":{"self":[{"href":"https:\/\/semus.pmsaraguaia.pa.gov.br\/index.php?rest_route=\/wp\/v2\/posts\/1447"}],"collection":[{"href":"https:\/\/semus.pmsaraguaia.pa.gov.br\/index.php?rest_route=\/wp\/v2\/posts"}],"about":[{"href":"https:\/\/semus.pmsaraguaia.pa.gov.br\/index.php?rest_route=\/wp\/v2\/types\/post"}],"author":[{"embeddable":true,"href":"https:\/\/semus.pmsaraguaia.pa.gov.br\/index.php?rest_route=\/wp\/v2\/users\/3"}],"replies":[{"embeddable":true,"href":"https:\/\/semus.pmsaraguaia.pa.gov.br\/index.php?rest_route=%2Fwp%2Fv2%2Fcomments&post=1447"}],"version-history":[{"count":1,"href":"https:\/\/semus.pmsaraguaia.pa.gov.br\/index.php?rest_route=\/wp\/v2\/posts\/1447\/revisions"}],"predecessor-version":[{"id":1448,"href":"https:\/\/semus.pmsaraguaia.pa.gov.br\/index.php?rest_route=\/wp\/v2\/posts\/1447\/revisions\/1448"}],"wp:featuredmedia":[{"embeddable":true,"href":"https:\/\/semus.pmsaraguaia.pa.gov.br\/index.php?rest_route=\/wp\/v2\/media\/1438"}],"wp:attachment":[{"href":"https:\/\/semus.pmsaraguaia.pa.gov.br\/index.php?rest_route=%2Fwp%2Fv2%2Fmedia&parent=1447"}],"wp:term":[{"taxonomy":"category","embeddable":true,"href":"https:\/\/semus.pmsaraguaia.pa.gov.br\/index.php?rest_route=%2Fwp%2Fv2%2Fcategories&post=1447"},{"taxonomy":"post_tag","embeddable":true,"href":"https:\/\/semus.pmsaraguaia.pa.gov.br\/index.php?rest_route=%2Fwp%2Fv2%2Ftags&post=1447"}],"curies":[{"name":"wp","href":"https:\/\/api.w.org\/{rel}","templated":true}]}}