{"id":1430,"date":"2023-11-28T08:42:53","date_gmt":"2023-11-28T11:42:53","guid":{"rendered":"https:\/\/semus.pmsaraguaia.pa.gov.br\/?p=1430"},"modified":"2023-11-28T08:42:57","modified_gmt":"2023-11-28T11:42:57","slug":"na-manha-desta-quinta-feira-dia-23-11-a-secretaria-municipal-de-saude-promoveu-uma-reuniao-com-os-tecnicos-em-saude-incluindo-a-coordenadora-da-vigilancia-em-saude-sarah-gouveia-assistente-social","status":"publish","type":"post","link":"https:\/\/semus.pmsaraguaia.pa.gov.br\/?p=1430","title":{"rendered":"Na manh\u00e3 desta quinta-feira, dia 23\/11, a Secretaria Municipal de Sa\u00fade promoveu uma reuni\u00e3o com os t\u00e9cnicos em sa\u00fade, incluindo a coordenadora da vigil\u00e2ncia em sa\u00fade Sarah Gouveia, assistente social, educa\u00e7\u00e3o e controle social."},"content":{"rendered":"\n<p>Na manh\u00e3 desta quinta-feira, dia 23\/11, a Secretaria Municipal de Sa\u00fade promoveu uma reuni\u00e3o com os t\u00e9cnicos em sa\u00fade, incluindo a coordenadora da vigil\u00e2ncia em sa\u00fade Sarah Gouveia, assistente social, educa\u00e7\u00e3o e controle social. O encontro teve como objetivo formar um comit\u00ea para o microplanejamento de atividades de vacina\u00e7\u00e3o de alta qualidade, abrangendo seguimento, varredura e bloqueios vacinais. A meta \u00e9 resgatar altas coberturas vacinais na popula\u00e7\u00e3o do munic\u00edpio, apoiando e divulgando essas a\u00e7\u00f5es por meio de mensagens claras, meios de comunica\u00e7\u00e3o e acompanhamento do seu desenvolvimento.<\/p>\n\n\n\n<p>&#8220;Kelly Conti, Secret\u00e1ria de Sa\u00fade, apoia plenamente as a\u00e7\u00f5es estrat\u00e9gicas discutidas na reuni\u00e3o. Juntos, fortaleceremos a vacina\u00e7\u00e3o para garantir altas coberturas e promover a sa\u00fade da comunidade. Com nossa dedica\u00e7\u00e3o, alcan\u00e7aremos o sucesso dessas a\u00e7\u00f5es de sa\u00fade.&#8221;<\/p>\n\n\n\n<figure class=\"wp-block-video\"><video controls src=\"https:\/\/semus.pmsaraguaia.pa.gov.br\/wp-content\/uploads\/2023\/11\/WhatsApp-Video-2023-11-24-at-20.47.47-3.mp4\"><\/video><\/figure>\n","protected":false},"excerpt":{"rendered":"<p>Na manh\u00e3 desta quinta-feira, dia 23\/11, a Secretaria Municipal de Sa\u00fade promoveu uma reuni\u00e3o com os t\u00e9cnicos em sa\u00fade, incluindo a coordenadora da vigil\u00e2ncia em sa\u00fade Sarah Gouveia, assistente social, educa\u00e7\u00e3o e controle social. O encontro teve como objetivo formar um comit\u00ea para o microplanejamento de atividades de vacina\u00e7\u00e3o de alta qualidade, abrangendo seguimento, varredura &hellip;<\/p>\n","protected":false},"author":3,"featured_media":1438,"comment_status":"open","ping_status":"open","sticky":false,"template":"","format":"standard","meta":{"footnotes":""},"categories":[1],"tags":[],"_links":{"self":[{"href":"https:\/\/semus.pmsaraguaia.pa.gov.br\/index.php?rest_route=\/wp\/v2\/posts\/1430"}],"collection":[{"href":"https:\/\/semus.pmsaraguaia.pa.gov.br\/index.php?rest_route=\/wp\/v2\/posts"}],"about":[{"href":"https:\/\/semus.pmsaraguaia.pa.gov.br\/index.php?rest_route=\/wp\/v2\/types\/post"}],"author":[{"embeddable":true,"href":"https:\/\/semus.pmsaraguaia.pa.gov.br\/index.php?rest_route=\/wp\/v2\/users\/3"}],"replies":[{"embeddable":true,"href":"https:\/\/semus.pmsaraguaia.pa.gov.br\/index.php?rest_route=%2Fwp%2Fv2%2Fcomments&post=1430"}],"version-history":[{"count":1,"href":"https:\/\/semus.pmsaraguaia.pa.gov.br\/index.php?rest_route=\/wp\/v2\/posts\/1430\/revisions"}],"predecessor-version":[{"id":1441,"href":"https:\/\/semus.pmsaraguaia.pa.gov.br\/index.php?rest_route=\/wp\/v2\/posts\/1430\/revisions\/1441"}],"wp:featuredmedia":[{"embeddable":true,"href":"https:\/\/semus.pmsaraguaia.pa.gov.br\/index.php?rest_route=\/wp\/v2\/media\/1438"}],"wp:attachment":[{"href":"https:\/\/semus.pmsaraguaia.pa.gov.br\/index.php?rest_route=%2Fwp%2Fv2%2Fmedia&parent=1430"}],"wp:term":[{"taxonomy":"category","embeddable":true,"href":"https:\/\/semus.pmsaraguaia.pa.gov.br\/index.php?rest_route=%2Fwp%2Fv2%2Fcategories&post=1430"},{"taxonomy":"post_tag","embeddable":true,"href":"https:\/\/semus.pmsaraguaia.pa.gov.br\/index.php?rest_route=%2Fwp%2Fv2%2Ftags&post=1430"}],"curies":[{"name":"wp","href":"https:\/\/api.w.org\/{rel}","templated":true}]}}