{"id":1411,"date":"2023-11-20T09:35:52","date_gmt":"2023-11-20T12:35:52","guid":{"rendered":"https:\/\/semus.pmsaraguaia.pa.gov.br\/?p=1411"},"modified":"2023-11-20T09:35:56","modified_gmt":"2023-11-20T12:35:56","slug":"a-secretaria-municipal-de-saude-por-meio-da-esf-dr-wagner-pereira-da-silva-realizou-uma-reuniao-para-abordar-o-microplanejamento-de-vacinas","status":"publish","type":"post","link":"https:\/\/semus.pmsaraguaia.pa.gov.br\/?p=1411","title":{"rendered":"A Secretaria Municipal de Sa\u00fade, por meio da ESF Dr. Wagner Pereira da Silva, realizou uma reuni\u00e3o para abordar o microplanejamento de vacinas."},"content":{"rendered":"\n<p>A Secretaria Municipal de Sa\u00fade, por meio da ESF Dr. Wagner Pereira da Silva, realizou uma reuni\u00e3o para abordar o microplanejamento de vacinas. Contando com a participa\u00e7\u00e3o ativa de dirigentes de associa\u00e7\u00f5es, vereadores e a coordenadora de vigil\u00e2ncia em sa\u00fade, Sarah Gouveia, al\u00e9m da representa\u00e7\u00e3o das igrejas, a iniciativa destaca o compromisso coletivo.<\/p>\n\n\n\n<p>Esse esfor\u00e7o conjunto nos setores Seringal e Expans\u00e3o, refor\u00e7a o empenho em atingir as metas vacinais, promovendo assim a sa\u00fade abrangente da comunidade.<\/p>\n\n\n\n<p>&#8220;Kelly Conti, Secret\u00e1ria de Sa\u00fade, destaca a dedica\u00e7\u00e3o da ESF Dr. Wagner Pereira da Silva no planejamento de vacinas. Com otimismo e comprometimento, juntos cuidamos da sa\u00fade e do bem-estar da nossa comunidade. Avante!&#8221;<\/p>\n\n\n\n<p>Fonte: Secretaria de Sa\u00fade (SEMUS) ??<\/p>\n\n\n\n<figure class=\"wp-block-video\"><video controls src=\"https:\/\/semus.pmsaraguaia.pa.gov.br\/wp-content\/uploads\/2023\/11\/WhatsApp-Video-2023-11-20-at-09.10.51.mp4\"><\/video><\/figure>\n\n\n\n<figure class=\"wp-block-video\"><video controls src=\"https:\/\/semus.pmsaraguaia.pa.gov.br\/wp-content\/uploads\/2023\/11\/WhatsApp-Video-2023-11-20-at-09.11.40.mp4\"><\/video><\/figure>\n","protected":false},"excerpt":{"rendered":"<p>A Secretaria Municipal de Sa\u00fade, por meio da ESF Dr. Wagner Pereira da Silva, realizou uma reuni\u00e3o para abordar o microplanejamento de vacinas. Contando com a participa\u00e7\u00e3o ativa de dirigentes de associa\u00e7\u00f5es, vereadores e a coordenadora de vigil\u00e2ncia em sa\u00fade, Sarah Gouveia, al\u00e9m da representa\u00e7\u00e3o das igrejas, a iniciativa destaca o compromisso coletivo. Esse esfor\u00e7o &hellip;<\/p>\n","protected":false},"author":3,"featured_media":1354,"comment_status":"open","ping_status":"open","sticky":false,"template":"","format":"standard","meta":{"footnotes":""},"categories":[38],"tags":[],"_links":{"self":[{"href":"https:\/\/semus.pmsaraguaia.pa.gov.br\/index.php?rest_route=\/wp\/v2\/posts\/1411"}],"collection":[{"href":"https:\/\/semus.pmsaraguaia.pa.gov.br\/index.php?rest_route=\/wp\/v2\/posts"}],"about":[{"href":"https:\/\/semus.pmsaraguaia.pa.gov.br\/index.php?rest_route=\/wp\/v2\/types\/post"}],"author":[{"embeddable":true,"href":"https:\/\/semus.pmsaraguaia.pa.gov.br\/index.php?rest_route=\/wp\/v2\/users\/3"}],"replies":[{"embeddable":true,"href":"https:\/\/semus.pmsaraguaia.pa.gov.br\/index.php?rest_route=%2Fwp%2Fv2%2Fcomments&post=1411"}],"version-history":[{"count":1,"href":"https:\/\/semus.pmsaraguaia.pa.gov.br\/index.php?rest_route=\/wp\/v2\/posts\/1411\/revisions"}],"predecessor-version":[{"id":1414,"href":"https:\/\/semus.pmsaraguaia.pa.gov.br\/index.php?rest_route=\/wp\/v2\/posts\/1411\/revisions\/1414"}],"wp:featuredmedia":[{"embeddable":true,"href":"https:\/\/semus.pmsaraguaia.pa.gov.br\/index.php?rest_route=\/wp\/v2\/media\/1354"}],"wp:attachment":[{"href":"https:\/\/semus.pmsaraguaia.pa.gov.br\/index.php?rest_route=%2Fwp%2Fv2%2Fmedia&parent=1411"}],"wp:term":[{"taxonomy":"category","embeddable":true,"href":"https:\/\/semus.pmsaraguaia.pa.gov.br\/index.php?rest_route=%2Fwp%2Fv2%2Fcategories&post=1411"},{"taxonomy":"post_tag","embeddable":true,"href":"https:\/\/semus.pmsaraguaia.pa.gov.br\/index.php?rest_route=%2Fwp%2Fv2%2Ftags&post=1411"}],"curies":[{"name":"wp","href":"https:\/\/api.w.org\/{rel}","templated":true}]}}