{"id":1408,"date":"2023-11-20T09:26:11","date_gmt":"2023-11-20T12:26:11","guid":{"rendered":"https:\/\/semus.pmsaraguaia.pa.gov.br\/?p=1408"},"modified":"2023-11-20T09:26:14","modified_gmt":"2023-11-20T12:26:14","slug":"a-secretaria-municipal-de-saude-comunica-a-chegada-de-novos-medicamentos-destinados-a-distribuicao-em-pontos-estrategicos-incluindo-farmacia-popular-hospital-sao-francisco-maternidade-caps-e-t","status":"publish","type":"post","link":"https:\/\/semus.pmsaraguaia.pa.gov.br\/?p=1408","title":{"rendered":"&#8220;A Secretaria Municipal de Sa\u00fade comunica a chegada de novos medicamentos, destinados \u00e0 distribui\u00e7\u00e3o em pontos estrat\u00e9gicos, incluindo Farm\u00e1cia Popular, Hospital S\u00e3o Francisco, Maternidade, CAPS, e todos os postos de sa\u00fade em Santana do Araguaia e regi\u00e3o."},"content":{"rendered":"\n<p>&#8220;A Secretaria Municipal de Sa\u00fade comunica a chegada de novos medicamentos, destinados \u00e0 distribui\u00e7\u00e3o em pontos estrat\u00e9gicos, incluindo Farm\u00e1cia Popular, Hospital S\u00e3o Francisco, Maternidade, CAPS, e todos os postos de sa\u00fade em Santana do Araguaia e regi\u00e3o. Essa a\u00e7\u00e3o refor\u00e7a nosso compromisso em proporcionar mais qualidade de vida em sa\u00fade para todos que necessitam.&#8221;<\/p>\n\n\n\n<p>&#8220;Destacamos com satisfa\u00e7\u00e3o a disponibilidade de medicamentos para atender \u00e0s necessidades da comunidade, refor\u00e7ando o compromisso de Kelly Conti com a sa\u00fade.&#8221;<\/p>\n\n\n\n<p>Fonte: Secretaria de Sa\u00fade (SEMUS) ??<\/p>\n\n\n\n<figure class=\"wp-block-video\"><video controls src=\"https:\/\/semus.pmsaraguaia.pa.gov.br\/wp-content\/uploads\/2023\/11\/WhatsApp-Video-2023-11-17-at-16.34.22.mp4\"><\/video><\/figure>\n","protected":false},"excerpt":{"rendered":"<p>&#8220;A Secretaria Municipal de Sa\u00fade comunica a chegada de novos medicamentos, destinados \u00e0 distribui\u00e7\u00e3o em pontos estrat\u00e9gicos, incluindo Farm\u00e1cia Popular, Hospital S\u00e3o Francisco, Maternidade, CAPS, e todos os postos de sa\u00fade em Santana do Araguaia e regi\u00e3o. Essa a\u00e7\u00e3o refor\u00e7a nosso compromisso em proporcionar mais qualidade de vida em sa\u00fade para todos que necessitam.&#8221; &#8220;Destacamos &hellip;<\/p>\n","protected":false},"author":3,"featured_media":1356,"comment_status":"open","ping_status":"open","sticky":false,"template":"","format":"standard","meta":{"footnotes":""},"categories":[1],"tags":[],"_links":{"self":[{"href":"https:\/\/semus.pmsaraguaia.pa.gov.br\/index.php?rest_route=\/wp\/v2\/posts\/1408"}],"collection":[{"href":"https:\/\/semus.pmsaraguaia.pa.gov.br\/index.php?rest_route=\/wp\/v2\/posts"}],"about":[{"href":"https:\/\/semus.pmsaraguaia.pa.gov.br\/index.php?rest_route=\/wp\/v2\/types\/post"}],"author":[{"embeddable":true,"href":"https:\/\/semus.pmsaraguaia.pa.gov.br\/index.php?rest_route=\/wp\/v2\/users\/3"}],"replies":[{"embeddable":true,"href":"https:\/\/semus.pmsaraguaia.pa.gov.br\/index.php?rest_route=%2Fwp%2Fv2%2Fcomments&post=1408"}],"version-history":[{"count":1,"href":"https:\/\/semus.pmsaraguaia.pa.gov.br\/index.php?rest_route=\/wp\/v2\/posts\/1408\/revisions"}],"predecessor-version":[{"id":1410,"href":"https:\/\/semus.pmsaraguaia.pa.gov.br\/index.php?rest_route=\/wp\/v2\/posts\/1408\/revisions\/1410"}],"wp:featuredmedia":[{"embeddable":true,"href":"https:\/\/semus.pmsaraguaia.pa.gov.br\/index.php?rest_route=\/wp\/v2\/media\/1356"}],"wp:attachment":[{"href":"https:\/\/semus.pmsaraguaia.pa.gov.br\/index.php?rest_route=%2Fwp%2Fv2%2Fmedia&parent=1408"}],"wp:term":[{"taxonomy":"category","embeddable":true,"href":"https:\/\/semus.pmsaraguaia.pa.gov.br\/index.php?rest_route=%2Fwp%2Fv2%2Fcategories&post=1408"},{"taxonomy":"post_tag","embeddable":true,"href":"https:\/\/semus.pmsaraguaia.pa.gov.br\/index.php?rest_route=%2Fwp%2Fv2%2Ftags&post=1408"}],"curies":[{"name":"wp","href":"https:\/\/api.w.org\/{rel}","templated":true}]}}