{"id":1379,"date":"2023-11-13T08:53:10","date_gmt":"2023-11-13T11:53:10","guid":{"rendered":"https:\/\/semus.pmsaraguaia.pa.gov.br\/?p=1379"},"modified":"2023-11-13T08:53:15","modified_gmt":"2023-11-13T11:53:15","slug":"a-esf-terezinha-abreu-vita-vinculada-a-secretaria-municipal-de-saude-de-santana-do-araguaia-reafirma-seu-compromisso-com-a-comunidade-ao-disponibilizar-atendimento-pediatrico-odontologico-todas-as-s","status":"publish","type":"post","link":"https:\/\/semus.pmsaraguaia.pa.gov.br\/?p=1379","title":{"rendered":"A ESF Terezinha Abreu Vita, vinculada \u00e0 Secretaria Municipal de Sa\u00fade de Santana do Araguaia, reafirma seu compromisso com a comunidade ao disponibilizar atendimento pedi\u00e1trico odontol\u00f3gico todas as sextas-feiras."},"content":{"rendered":"\n<p>A ESF Terezinha Abreu Vita, vinculada \u00e0 Secretaria Municipal de Sa\u00fade de Santana do Araguaia, reafirma seu compromisso com a comunidade ao disponibilizar atendimento pedi\u00e1trico odontol\u00f3gico todas as sextas-feiras. Com uma equipe de profissionais capacitados, buscamos atender de forma abrangente e dedicada \u00e0s necessidades de sa\u00fade bucal das crian\u00e7as locais. O sistema de agendamento estabelecido proporciona organiza\u00e7\u00e3o eficaz, assegurando acesso facilitado e personalizado aos servi\u00e7os de sa\u00fade. Nossa miss\u00e3o vai al\u00e9m do atendimento m\u00e9dico; estamos empenhados em promover o bem-estar infantil, fortalecendo os la\u00e7os de cuidado e contribuindo para uma comunidade saud\u00e1vel.<\/p>\n\n\n\n<p>&#8220;Priorizamos a sa\u00fade das crian\u00e7as em Santana do Araguaia. Atendimento pedi\u00e1trico odontol\u00f3gico todas as sextas-feiras. Juntos pela comunidade saud\u00e1vel. &#8211; Kelly Conti, Secret\u00e1ria de Sa\u00fade.&#8221;<\/p>\n\n\n\n<p>Fonte: Secretaria de Sa\u00fade (SEMUS) ??<\/p>\n\n\n\n<figure class=\"wp-block-video\"><video controls src=\"https:\/\/semus.pmsaraguaia.pa.gov.br\/wp-content\/uploads\/2023\/11\/WhatsApp-Video-2023-11-10-at-19.48.06.mp4\"><\/video><\/figure>\n","protected":false},"excerpt":{"rendered":"<p>A ESF Terezinha Abreu Vita, vinculada \u00e0 Secretaria Municipal de Sa\u00fade de Santana do Araguaia, reafirma seu compromisso com a comunidade ao disponibilizar atendimento pedi\u00e1trico odontol\u00f3gico todas as sextas-feiras. Com uma equipe de profissionais capacitados, buscamos atender de forma abrangente e dedicada \u00e0s necessidades de sa\u00fade bucal das crian\u00e7as locais. O sistema de agendamento estabelecido &hellip;<\/p>\n","protected":false},"author":3,"featured_media":1315,"comment_status":"open","ping_status":"open","sticky":false,"template":"","format":"standard","meta":{"footnotes":""},"categories":[41],"tags":[],"_links":{"self":[{"href":"https:\/\/semus.pmsaraguaia.pa.gov.br\/index.php?rest_route=\/wp\/v2\/posts\/1379"}],"collection":[{"href":"https:\/\/semus.pmsaraguaia.pa.gov.br\/index.php?rest_route=\/wp\/v2\/posts"}],"about":[{"href":"https:\/\/semus.pmsaraguaia.pa.gov.br\/index.php?rest_route=\/wp\/v2\/types\/post"}],"author":[{"embeddable":true,"href":"https:\/\/semus.pmsaraguaia.pa.gov.br\/index.php?rest_route=\/wp\/v2\/users\/3"}],"replies":[{"embeddable":true,"href":"https:\/\/semus.pmsaraguaia.pa.gov.br\/index.php?rest_route=%2Fwp%2Fv2%2Fcomments&post=1379"}],"version-history":[{"count":1,"href":"https:\/\/semus.pmsaraguaia.pa.gov.br\/index.php?rest_route=\/wp\/v2\/posts\/1379\/revisions"}],"predecessor-version":[{"id":1381,"href":"https:\/\/semus.pmsaraguaia.pa.gov.br\/index.php?rest_route=\/wp\/v2\/posts\/1379\/revisions\/1381"}],"wp:featuredmedia":[{"embeddable":true,"href":"https:\/\/semus.pmsaraguaia.pa.gov.br\/index.php?rest_route=\/wp\/v2\/media\/1315"}],"wp:attachment":[{"href":"https:\/\/semus.pmsaraguaia.pa.gov.br\/index.php?rest_route=%2Fwp%2Fv2%2Fmedia&parent=1379"}],"wp:term":[{"taxonomy":"category","embeddable":true,"href":"https:\/\/semus.pmsaraguaia.pa.gov.br\/index.php?rest_route=%2Fwp%2Fv2%2Fcategories&post=1379"},{"taxonomy":"post_tag","embeddable":true,"href":"https:\/\/semus.pmsaraguaia.pa.gov.br\/index.php?rest_route=%2Fwp%2Fv2%2Ftags&post=1379"}],"curies":[{"name":"wp","href":"https:\/\/api.w.org\/{rel}","templated":true}]}}