{"id":1337,"date":"2023-11-01T08:04:40","date_gmt":"2023-11-01T11:04:40","guid":{"rendered":"https:\/\/semus.pmsaraguaia.pa.gov.br\/?p=1337"},"modified":"2023-11-01T08:04:48","modified_gmt":"2023-11-01T11:04:48","slug":"a-secretaria-de-saude-em-nome-da-secretaria-municipal-de-saude-kelly-conti-deseja-expressar-sua-gratidao-a-toda-a-equipe-das-estrategias-de-saude-de-santana-do-araguaia","status":"publish","type":"post","link":"https:\/\/semus.pmsaraguaia.pa.gov.br\/?p=1337","title":{"rendered":"A Secretaria de Sa\u00fade, em nome da Secret\u00e1ria Municipal de Sa\u00fade, Kelly Conti, deseja expressar sua gratid\u00e3o a toda a equipe das estrat\u00e9gias de sa\u00fade de Santana do Araguaia."},"content":{"rendered":"\n<p>A Secretaria de Sa\u00fade, em nome da Secret\u00e1ria Municipal de Sa\u00fade, Kelly Conti, deseja expressar sua gratid\u00e3o a toda a equipe das estrat\u00e9gias de sa\u00fade de Santana do Araguaia. O encerramento do Outubro Rosa \u00e9 um momento de reconhecimento pelo trabalho de qualidade demonstrado ao atender as mulheres da regi\u00e3o.<\/p>\n\n\n\n<p>Durante a campanha, voc\u00eas n\u00e3o apenas demonstraram profissionalismo, mas tamb\u00e9m ofereceram um caloroso acolhimento no cuidado das mulheres. A continuidade dos exames preventivos nos postos de sa\u00fade reflete nosso compromisso com a sa\u00fade da comunidade, contribuindo para a detec\u00e7\u00e3o precoce e preven\u00e7\u00e3o de condi\u00e7\u00f5es de sa\u00fade.<\/p>\n\n\n\n<p>Agradecemos a cada membro da equipe das estrat\u00e9gias de sa\u00fade pelo comprometimento em cuidar da sa\u00fade das mulheres de nossa regi\u00e3o. Seu trabalho \u00e9 fundamental. ??<\/p>\n\n\n\n<p>Fonte: Secretaria de Sa\u00fade (SEMUS) ??<\/p>\n\n\n\n<figure class=\"wp-block-image size-large\"><img loading=\"lazy\" decoding=\"async\" width=\"1024\" height=\"1024\" src=\"https:\/\/semus.pmsaraguaia.pa.gov.br\/wp-content\/uploads\/2023\/11\/WhatsApp-Image-2023-11-01-at-07.43.51-1024x1024.jpeg\" alt=\"\" class=\"wp-image-1338\" srcset=\"https:\/\/semus.pmsaraguaia.pa.gov.br\/wp-content\/uploads\/2023\/11\/WhatsApp-Image-2023-11-01-at-07.43.51-1024x1024.jpeg 1024w, https:\/\/semus.pmsaraguaia.pa.gov.br\/wp-content\/uploads\/2023\/11\/WhatsApp-Image-2023-11-01-at-07.43.51-300x300.jpeg 300w, https:\/\/semus.pmsaraguaia.pa.gov.br\/wp-content\/uploads\/2023\/11\/WhatsApp-Image-2023-11-01-at-07.43.51-150x150.jpeg 150w, https:\/\/semus.pmsaraguaia.pa.gov.br\/wp-content\/uploads\/2023\/11\/WhatsApp-Image-2023-11-01-at-07.43.51-768x768.jpeg 768w, https:\/\/semus.pmsaraguaia.pa.gov.br\/wp-content\/uploads\/2023\/11\/WhatsApp-Image-2023-11-01-at-07.43.51.jpeg 1181w\" sizes=\"(max-width: 1024px) 100vw, 1024px\" \/><\/figure>\n","protected":false},"excerpt":{"rendered":"<p>A Secretaria de Sa\u00fade, em nome da Secret\u00e1ria Municipal de Sa\u00fade, Kelly Conti, deseja expressar sua gratid\u00e3o a toda a equipe das estrat\u00e9gias de sa\u00fade de Santana do Araguaia. O encerramento do Outubro Rosa \u00e9 um momento de reconhecimento pelo trabalho de qualidade demonstrado ao atender as mulheres da regi\u00e3o. Durante a campanha, voc\u00eas n\u00e3o &hellip;<\/p>\n","protected":false},"author":3,"featured_media":1338,"comment_status":"open","ping_status":"open","sticky":false,"template":"","format":"standard","meta":{"footnotes":""},"categories":[38],"tags":[],"_links":{"self":[{"href":"https:\/\/semus.pmsaraguaia.pa.gov.br\/index.php?rest_route=\/wp\/v2\/posts\/1337"}],"collection":[{"href":"https:\/\/semus.pmsaraguaia.pa.gov.br\/index.php?rest_route=\/wp\/v2\/posts"}],"about":[{"href":"https:\/\/semus.pmsaraguaia.pa.gov.br\/index.php?rest_route=\/wp\/v2\/types\/post"}],"author":[{"embeddable":true,"href":"https:\/\/semus.pmsaraguaia.pa.gov.br\/index.php?rest_route=\/wp\/v2\/users\/3"}],"replies":[{"embeddable":true,"href":"https:\/\/semus.pmsaraguaia.pa.gov.br\/index.php?rest_route=%2Fwp%2Fv2%2Fcomments&post=1337"}],"version-history":[{"count":1,"href":"https:\/\/semus.pmsaraguaia.pa.gov.br\/index.php?rest_route=\/wp\/v2\/posts\/1337\/revisions"}],"predecessor-version":[{"id":1339,"href":"https:\/\/semus.pmsaraguaia.pa.gov.br\/index.php?rest_route=\/wp\/v2\/posts\/1337\/revisions\/1339"}],"wp:featuredmedia":[{"embeddable":true,"href":"https:\/\/semus.pmsaraguaia.pa.gov.br\/index.php?rest_route=\/wp\/v2\/media\/1338"}],"wp:attachment":[{"href":"https:\/\/semus.pmsaraguaia.pa.gov.br\/index.php?rest_route=%2Fwp%2Fv2%2Fmedia&parent=1337"}],"wp:term":[{"taxonomy":"category","embeddable":true,"href":"https:\/\/semus.pmsaraguaia.pa.gov.br\/index.php?rest_route=%2Fwp%2Fv2%2Fcategories&post=1337"},{"taxonomy":"post_tag","embeddable":true,"href":"https:\/\/semus.pmsaraguaia.pa.gov.br\/index.php?rest_route=%2Fwp%2Fv2%2Ftags&post=1337"}],"curies":[{"name":"wp","href":"https:\/\/api.w.org\/{rel}","templated":true}]}}