{"id":1331,"date":"2023-10-31T08:40:57","date_gmt":"2023-10-31T11:40:57","guid":{"rendered":"https:\/\/semus.pmsaraguaia.pa.gov.br\/?p=1331"},"modified":"2023-10-31T08:41:01","modified_gmt":"2023-10-31T11:41:01","slug":"a-secretaria-municipal-de-saude-de-santana-do-araguaia-por-meio-da-estrategia-saude-da-familia-terezinha-abreu-vita","status":"publish","type":"post","link":"https:\/\/semus.pmsaraguaia.pa.gov.br\/?p=1331","title":{"rendered":"A Secretaria Municipal de Sa\u00fade de Santana do Araguaia, por meio da Estrat\u00e9gia Sa\u00fade da Fam\u00edlia Terezinha Abreu Vita"},"content":{"rendered":"\n<p>A Secretaria Municipal de Sa\u00fade de Santana do Araguaia, por meio da Estrat\u00e9gia Sa\u00fade da Fam\u00edlia Terezinha Abreu Vita, organizou no dia 30 de outubro um evento de grande relev\u00e2ncia em apoio ao Outubro Rosa. Durante esse encontro, uma variedade de servi\u00e7os de sa\u00fade foi disponibilizada, incluindo atendimento m\u00e9dico, solicita\u00e7\u00e3o de mamografias, exames preventivos e um caf\u00e9 da manh\u00e3 especialmente preparado para as mulheres do bairro.<\/p>\n\n\n\n<p>Al\u00e9m disso, o evento ofereceu palestras informativas, visando n\u00e3o apenas promover o bem-estar, mas tamb\u00e9m conscientizar sobre a vital import\u00e2ncia da preven\u00e7\u00e3o do c\u00e2ncer de mama.<\/p>\n\n\n\n<p>Kelly Conti, Secret\u00e1ria de Sa\u00fade, demonstrou seu carinho e total apoio \u00e0 campanha do Outubro Rosa. Com afeto, ela enfatizou a import\u00e2ncia da preven\u00e7\u00e3o do c\u00e2ncer de mama, afirmando que a sa\u00fade e o bem-estar das mulheres s\u00e3o fundamentais. Seu carinho pela comunidade \u00e9 evidente nesse compromisso.<\/p>\n\n\n\n<p>Fonte: Secretaria de Sa\u00fade (SEMUS) ??<\/p>\n\n\n\n<figure class=\"wp-block-video\"><video controls src=\"https:\/\/semus.pmsaraguaia.pa.gov.br\/wp-content\/uploads\/2023\/10\/WhatsApp-Video-2023-10-31-at-08.12.08.mp4\"><\/video><\/figure>\n\n\n\n<figure class=\"wp-block-video\"><video controls poster=\"https:\/\/semus.pmsaraguaia.pa.gov.br\/wp-content\/uploads\/2023\/10\/WhatsApp-Image-2023-10-05-at-12.32.45.jpeg\" src=\"https:\/\/semus.pmsaraguaia.pa.gov.br\/wp-content\/uploads\/2023\/10\/WhatsApp-Video-2023-10-31-at-08.26.30.mp4\"><\/video><\/figure>\n","protected":false},"excerpt":{"rendered":"<p>A Secretaria Municipal de Sa\u00fade de Santana do Araguaia, por meio da Estrat\u00e9gia Sa\u00fade da Fam\u00edlia Terezinha Abreu Vita, organizou no dia 30 de outubro um evento de grande relev\u00e2ncia em apoio ao Outubro Rosa. Durante esse encontro, uma variedade de servi\u00e7os de sa\u00fade foi disponibilizada, incluindo atendimento m\u00e9dico, solicita\u00e7\u00e3o de mamografias, exames preventivos e &hellip;<\/p>\n","protected":false},"author":3,"featured_media":0,"comment_status":"open","ping_status":"open","sticky":false,"template":"","format":"standard","meta":{"footnotes":""},"categories":[1],"tags":[],"_links":{"self":[{"href":"https:\/\/semus.pmsaraguaia.pa.gov.br\/index.php?rest_route=\/wp\/v2\/posts\/1331"}],"collection":[{"href":"https:\/\/semus.pmsaraguaia.pa.gov.br\/index.php?rest_route=\/wp\/v2\/posts"}],"about":[{"href":"https:\/\/semus.pmsaraguaia.pa.gov.br\/index.php?rest_route=\/wp\/v2\/types\/post"}],"author":[{"embeddable":true,"href":"https:\/\/semus.pmsaraguaia.pa.gov.br\/index.php?rest_route=\/wp\/v2\/users\/3"}],"replies":[{"embeddable":true,"href":"https:\/\/semus.pmsaraguaia.pa.gov.br\/index.php?rest_route=%2Fwp%2Fv2%2Fcomments&post=1331"}],"version-history":[{"count":1,"href":"https:\/\/semus.pmsaraguaia.pa.gov.br\/index.php?rest_route=\/wp\/v2\/posts\/1331\/revisions"}],"predecessor-version":[{"id":1332,"href":"https:\/\/semus.pmsaraguaia.pa.gov.br\/index.php?rest_route=\/wp\/v2\/posts\/1331\/revisions\/1332"}],"wp:attachment":[{"href":"https:\/\/semus.pmsaraguaia.pa.gov.br\/index.php?rest_route=%2Fwp%2Fv2%2Fmedia&parent=1331"}],"wp:term":[{"taxonomy":"category","embeddable":true,"href":"https:\/\/semus.pmsaraguaia.pa.gov.br\/index.php?rest_route=%2Fwp%2Fv2%2Fcategories&post=1331"},{"taxonomy":"post_tag","embeddable":true,"href":"https:\/\/semus.pmsaraguaia.pa.gov.br\/index.php?rest_route=%2Fwp%2Fv2%2Ftags&post=1331"}],"curies":[{"name":"wp","href":"https:\/\/api.w.org\/{rel}","templated":true}]}}