{"id":1322,"date":"2023-10-27T09:28:15","date_gmt":"2023-10-27T12:28:15","guid":{"rendered":"https:\/\/semus.pmsaraguaia.pa.gov.br\/?p=1322"},"modified":"2023-10-27T09:28:19","modified_gmt":"2023-10-27T12:28:19","slug":"exames-de-mamografia","status":"publish","type":"post","link":"https:\/\/semus.pmsaraguaia.pa.gov.br\/?p=1322","title":{"rendered":"Exames de Mamografia"},"content":{"rendered":"\n<p>No dia 25, a Secretaria Municipal de Sa\u00fade de Santana do Araguaia, sob a lideran\u00e7a da Secret\u00e1ria de Sa\u00fade Kelly Conti, desempenhou um papel fundamental ao encaminhar 12 mulheres para a realiza\u00e7\u00e3o de exames de mamografia no Hospital Regional de Reden\u00e7\u00e3o. Essa a\u00e7\u00e3o foi poss\u00edvel gra\u00e7as ao apoio valioso do prefeito Eduardo da Machado, da vice-prefeita Dona Catarina e da dedicada Secret\u00e1ria de Sa\u00fade, Kelly Conti. Esse gesto solid\u00e1rio refor\u00e7a o compromisso da administra\u00e7\u00e3o em promover a sa\u00fade e o cuidado com as mulheres da nossa comunidade.<\/p>\n\n\n\n<p>&#8220;O compromisso da Secret\u00e1ria de Sa\u00fade Kelly Conti \u00e9 not\u00e1vel. Ela trabalha incansavelmente para garantir que todas as mulheres tenham acesso a cuidados de sa\u00fade de qualidade, fortalecendo nossa comunidade e contribuindo para uma vida mais saud\u00e1vel e feliz para todas.&#8221;<\/p>\n\n\n\n<p>Fonte: Secretaria de Sa\u00fade (SEMUS) ??<\/p>\n\n\n\n<figure class=\"wp-block-video\"><video controls src=\"https:\/\/semus.pmsaraguaia.pa.gov.br\/wp-content\/uploads\/2023\/10\/vid-asdf4654j6hf46we4947jh9ghf7k4ghj464ds6fg46dsfgh4fd6g.mp4\"><\/video><\/figure>\n","protected":false},"excerpt":{"rendered":"<p>No dia 25, a Secretaria Municipal de Sa\u00fade de Santana do Araguaia, sob a lideran\u00e7a da Secret\u00e1ria de Sa\u00fade Kelly Conti, desempenhou um papel fundamental ao encaminhar 12 mulheres para a realiza\u00e7\u00e3o de exames de mamografia no Hospital Regional de Reden\u00e7\u00e3o. Essa a\u00e7\u00e3o foi poss\u00edvel gra\u00e7as ao apoio valioso do prefeito Eduardo da Machado, da &hellip;<\/p>\n","protected":false},"author":3,"featured_media":1321,"comment_status":"open","ping_status":"open","sticky":false,"template":"","format":"standard","meta":{"footnotes":""},"categories":[1],"tags":[],"_links":{"self":[{"href":"https:\/\/semus.pmsaraguaia.pa.gov.br\/index.php?rest_route=\/wp\/v2\/posts\/1322"}],"collection":[{"href":"https:\/\/semus.pmsaraguaia.pa.gov.br\/index.php?rest_route=\/wp\/v2\/posts"}],"about":[{"href":"https:\/\/semus.pmsaraguaia.pa.gov.br\/index.php?rest_route=\/wp\/v2\/types\/post"}],"author":[{"embeddable":true,"href":"https:\/\/semus.pmsaraguaia.pa.gov.br\/index.php?rest_route=\/wp\/v2\/users\/3"}],"replies":[{"embeddable":true,"href":"https:\/\/semus.pmsaraguaia.pa.gov.br\/index.php?rest_route=%2Fwp%2Fv2%2Fcomments&post=1322"}],"version-history":[{"count":1,"href":"https:\/\/semus.pmsaraguaia.pa.gov.br\/index.php?rest_route=\/wp\/v2\/posts\/1322\/revisions"}],"predecessor-version":[{"id":1323,"href":"https:\/\/semus.pmsaraguaia.pa.gov.br\/index.php?rest_route=\/wp\/v2\/posts\/1322\/revisions\/1323"}],"wp:featuredmedia":[{"embeddable":true,"href":"https:\/\/semus.pmsaraguaia.pa.gov.br\/index.php?rest_route=\/wp\/v2\/media\/1321"}],"wp:attachment":[{"href":"https:\/\/semus.pmsaraguaia.pa.gov.br\/index.php?rest_route=%2Fwp%2Fv2%2Fmedia&parent=1322"}],"wp:term":[{"taxonomy":"category","embeddable":true,"href":"https:\/\/semus.pmsaraguaia.pa.gov.br\/index.php?rest_route=%2Fwp%2Fv2%2Fcategories&post=1322"},{"taxonomy":"post_tag","embeddable":true,"href":"https:\/\/semus.pmsaraguaia.pa.gov.br\/index.php?rest_route=%2Fwp%2Fv2%2Ftags&post=1322"}],"curies":[{"name":"wp","href":"https:\/\/api.w.org\/{rel}","templated":true}]}}