{"id":1286,"date":"2023-10-18T11:46:35","date_gmt":"2023-10-18T14:46:35","guid":{"rendered":"https:\/\/semus.pmsaraguaia.pa.gov.br\/?p=1286"},"modified":"2023-10-18T11:46:39","modified_gmt":"2023-10-18T14:46:39","slug":"outubro-rosa-e-um-mes-de-conscientizacao-e-mobilizacao-em-todo-o-mundo-dedicado-a-prevencao-e-combate-ao-cancer-de-mama-posto-de-saude-irma-renee-jeanne-delorme-em-barreira-dos-campos-outubro-rosa-e","status":"publish","type":"post","link":"https:\/\/semus.pmsaraguaia.pa.gov.br\/?p=1286","title":{"rendered":"Outubro Rosa \u00e9 um m\u00eas de conscientiza\u00e7\u00e3o e mobiliza\u00e7\u00e3o em todo o mundo, dedicado \u00e0 preven\u00e7\u00e3o e combate ao c\u00e2ncer de mama. Posto de Sa\u00fade Irm\u00e3 Renee Jeanne Delorme em Barreira dos Campos.Outubro Rosa \u00e9 um m\u00eas de conscientiza\u00e7\u00e3o e mobiliza\u00e7\u00e3o em todo o mundo, dedicado \u00e0 preven\u00e7\u00e3o e combate ao c\u00e2ncer de mama."},"content":{"rendered":"\n<p>Outubro Rosa \u00e9 um m\u00eas de conscientiza\u00e7\u00e3o e mobiliza\u00e7\u00e3o em todo o mundo, dedicado \u00e0 preven\u00e7\u00e3o e combate ao c\u00e2ncer de mama.<\/p>\n\n\n\n<p>Nesse esp\u00edrito, a Secretaria Municipal de Sa\u00fade promoveu uma emocionante caminhada atrav\u00e9s do Posto de Sa\u00fade Irm\u00e3 Renee Jeanne Delorme em Barreira dos Campos.<\/p>\n\n\n\n<p>O evento teve como principal objetivo convidar todas as mulheres da regi\u00e3o a participar de uma caminhada que enfatizou a import\u00e2ncia do autocuidado, incluindo a realiza\u00e7\u00e3o do autoexame de preven\u00e7\u00e3o de mama. A jornada levou as participantes pelas ruas do distrito at\u00e9 o Gin\u00e1sio Municipal An\u00edzio Moura Filho, onde o dia foi repleto de divers\u00e3o, dan\u00e7a, coreografias, brindes e um coquetel para celebrar e promover o Outubro Rosa de forma impactante.<\/p>\n\n\n\n<p>Fonte: Secretaria de Sa\u00fade (SEMUS) ??<\/p>\n\n\n\n<figure class=\"wp-block-video\"><video controls src=\"https:\/\/semus.pmsaraguaia.pa.gov.br\/wp-content\/uploads\/2023\/10\/WhatsApp-Video-2023-10-18-at-11.30.35.mp4\"><\/video><\/figure>\n\n\n\n<figure class=\"wp-block-video\"><video controls src=\"https:\/\/semus.pmsaraguaia.pa.gov.br\/wp-content\/uploads\/2023\/10\/WhatsApp-Video-2023-10-18-at-11.30.54.mp4\"><\/video><\/figure>\n\n\n\n<figure class=\"wp-block-video\"><video controls src=\"https:\/\/semus.pmsaraguaia.pa.gov.br\/wp-content\/uploads\/2023\/10\/WhatsApp-Video-2023-10-18-at-11.31.10.mp4\"><\/video><\/figure>\n\n\n\n<figure class=\"wp-block-video\"><video controls src=\"https:\/\/semus.pmsaraguaia.pa.gov.br\/wp-content\/uploads\/2023\/10\/WhatsApp-Video-2023-10-18-at-11.31.35.mp4\"><\/video><\/figure>\n\n\n\n<figure class=\"wp-block-video\"><video controls src=\"https:\/\/semus.pmsaraguaia.pa.gov.br\/wp-content\/uploads\/2023\/10\/WhatsApp-Video-2023-10-18-at-11.32.15.mp4\"><\/video><\/figure>\n","protected":false},"excerpt":{"rendered":"<p>Outubro Rosa \u00e9 um m\u00eas de conscientiza\u00e7\u00e3o e mobiliza\u00e7\u00e3o em todo o mundo, dedicado \u00e0 preven\u00e7\u00e3o e combate ao c\u00e2ncer de mama. Nesse esp\u00edrito, a Secretaria Municipal de Sa\u00fade promoveu uma emocionante caminhada atrav\u00e9s do Posto de Sa\u00fade Irm\u00e3 Renee Jeanne Delorme em Barreira dos Campos. O evento teve como principal objetivo convidar todas as &hellip;<\/p>\n","protected":false},"author":3,"featured_media":1267,"comment_status":"open","ping_status":"open","sticky":false,"template":"","format":"standard","meta":{"footnotes":""},"categories":[1],"tags":[],"_links":{"self":[{"href":"https:\/\/semus.pmsaraguaia.pa.gov.br\/index.php?rest_route=\/wp\/v2\/posts\/1286"}],"collection":[{"href":"https:\/\/semus.pmsaraguaia.pa.gov.br\/index.php?rest_route=\/wp\/v2\/posts"}],"about":[{"href":"https:\/\/semus.pmsaraguaia.pa.gov.br\/index.php?rest_route=\/wp\/v2\/types\/post"}],"author":[{"embeddable":true,"href":"https:\/\/semus.pmsaraguaia.pa.gov.br\/index.php?rest_route=\/wp\/v2\/users\/3"}],"replies":[{"embeddable":true,"href":"https:\/\/semus.pmsaraguaia.pa.gov.br\/index.php?rest_route=%2Fwp%2Fv2%2Fcomments&post=1286"}],"version-history":[{"count":1,"href":"https:\/\/semus.pmsaraguaia.pa.gov.br\/index.php?rest_route=\/wp\/v2\/posts\/1286\/revisions"}],"predecessor-version":[{"id":1292,"href":"https:\/\/semus.pmsaraguaia.pa.gov.br\/index.php?rest_route=\/wp\/v2\/posts\/1286\/revisions\/1292"}],"wp:featuredmedia":[{"embeddable":true,"href":"https:\/\/semus.pmsaraguaia.pa.gov.br\/index.php?rest_route=\/wp\/v2\/media\/1267"}],"wp:attachment":[{"href":"https:\/\/semus.pmsaraguaia.pa.gov.br\/index.php?rest_route=%2Fwp%2Fv2%2Fmedia&parent=1286"}],"wp:term":[{"taxonomy":"category","embeddable":true,"href":"https:\/\/semus.pmsaraguaia.pa.gov.br\/index.php?rest_route=%2Fwp%2Fv2%2Fcategories&post=1286"},{"taxonomy":"post_tag","embeddable":true,"href":"https:\/\/semus.pmsaraguaia.pa.gov.br\/index.php?rest_route=%2Fwp%2Fv2%2Ftags&post=1286"}],"curies":[{"name":"wp","href":"https:\/\/api.w.org\/{rel}","templated":true}]}}