{"id":1238,"date":"2023-10-05T10:19:07","date_gmt":"2023-10-05T13:19:07","guid":{"rendered":"https:\/\/semus.pmsaraguaia.pa.gov.br\/?p=1238"},"modified":"2023-10-05T10:19:10","modified_gmt":"2023-10-05T13:19:10","slug":"a-academia-de-saude-antonio-americo-filho-tem-o-prazer-de-anunciar-o-inicio-do-5-desafio-de-emagrecimento","status":"publish","type":"post","link":"https:\/\/semus.pmsaraguaia.pa.gov.br\/?p=1238","title":{"rendered":"A Academia de Sa\u00fade Ant\u00f4nio Am\u00e9rico Filho, tem o prazer de anunciar o in\u00edcio do 5\u00b0 Desafio de Emagrecimento."},"content":{"rendered":"\n<p>A Academia de Sa\u00fade Ant\u00f4nio Am\u00e9rico Filho tem o prazer de anunciar o in\u00edcio do 5\u00b0 Desafio de Emagrecimento, um programa destinado a enfrentar o crescente problema de obesidade e sobrepeso em nossa comunidade. Como defensores comprometidos da sa\u00fade e do bem-estar, acreditamos que a preven\u00e7\u00e3o e a gest\u00e3o dessas condi\u00e7\u00f5es s\u00e3o essenciais para garantir uma qualidade de vida melhor para todos. Neste desafio, temos como objetivo central reduzir os \u00edndices de obesidade e sobrepeso, capacitando a todos a adotar h\u00e1bitos saud\u00e1veis de forma sustent\u00e1vel. Ao longo deste programa, forneceremos apoio individualizado, orienta\u00e7\u00e3o e oportunidades de intera\u00e7\u00e3o em grupo para criar um ambiente que inspire a transforma\u00e7\u00e3o positiva.<\/p>\n\n\n\n<p>Neste desafio, temos como objetivo central reduzir os \u00edndices de obesidade e sobrepeso, capacitando a todos a adotar h\u00e1bitos saud\u00e1veis de forma sustent\u00e1vel. Ao longo deste programa, forneceremos apoio individualizado, orienta\u00e7\u00e3o e oportunidades de intera\u00e7\u00e3o em grupo para criar um ambiente que inspire a transforma\u00e7\u00e3o positiva.<\/p>\n\n\n\n<p>A Secretaria de Sa\u00fade, representada pela Secret\u00e1ria Kelly, continua a destacar e aplaudir o 5\u00b0 Desafio de Emagrecimento da Academia de Sa\u00fade Ant\u00f4nio Am\u00e9rico Filho.<\/p>\n\n\n\n<p>Esta iniciativa \u00e9 um farol brilhante de esperan\u00e7a para nossa comunidade, demonstrando um compromisso inabal\u00e1vel em promover a sa\u00fade e fortalecer nossos la\u00e7os comunit\u00e1rios.<\/p>\n\n\n\n<p>Fonte: Secretaria de Sa\u00fade (SEMUS) ??<\/p>\n\n\n\n<figure class=\"wp-block-video\"><video controls src=\"https:\/\/semus.pmsaraguaia.pa.gov.br\/wp-content\/uploads\/2023\/10\/WhatsApp-Video-2023-10-04-at-16.15.47.mp4\"><\/video><\/figure>\n","protected":false},"excerpt":{"rendered":"<p>A Academia de Sa\u00fade Ant\u00f4nio Am\u00e9rico Filho tem o prazer de anunciar o in\u00edcio do 5\u00b0 Desafio de Emagrecimento, um programa destinado a enfrentar o crescente problema de obesidade e sobrepeso em nossa comunidade. Como defensores comprometidos da sa\u00fade e do bem-estar, acreditamos que a preven\u00e7\u00e3o e a gest\u00e3o dessas condi\u00e7\u00f5es s\u00e3o essenciais para garantir &hellip;<\/p>\n","protected":false},"author":3,"featured_media":0,"comment_status":"open","ping_status":"open","sticky":false,"template":"","format":"standard","meta":{"footnotes":""},"categories":[1],"tags":[],"_links":{"self":[{"href":"https:\/\/semus.pmsaraguaia.pa.gov.br\/index.php?rest_route=\/wp\/v2\/posts\/1238"}],"collection":[{"href":"https:\/\/semus.pmsaraguaia.pa.gov.br\/index.php?rest_route=\/wp\/v2\/posts"}],"about":[{"href":"https:\/\/semus.pmsaraguaia.pa.gov.br\/index.php?rest_route=\/wp\/v2\/types\/post"}],"author":[{"embeddable":true,"href":"https:\/\/semus.pmsaraguaia.pa.gov.br\/index.php?rest_route=\/wp\/v2\/users\/3"}],"replies":[{"embeddable":true,"href":"https:\/\/semus.pmsaraguaia.pa.gov.br\/index.php?rest_route=%2Fwp%2Fv2%2Fcomments&post=1238"}],"version-history":[{"count":1,"href":"https:\/\/semus.pmsaraguaia.pa.gov.br\/index.php?rest_route=\/wp\/v2\/posts\/1238\/revisions"}],"predecessor-version":[{"id":1242,"href":"https:\/\/semus.pmsaraguaia.pa.gov.br\/index.php?rest_route=\/wp\/v2\/posts\/1238\/revisions\/1242"}],"wp:attachment":[{"href":"https:\/\/semus.pmsaraguaia.pa.gov.br\/index.php?rest_route=%2Fwp%2Fv2%2Fmedia&parent=1238"}],"wp:term":[{"taxonomy":"category","embeddable":true,"href":"https:\/\/semus.pmsaraguaia.pa.gov.br\/index.php?rest_route=%2Fwp%2Fv2%2Fcategories&post=1238"},{"taxonomy":"post_tag","embeddable":true,"href":"https:\/\/semus.pmsaraguaia.pa.gov.br\/index.php?rest_route=%2Fwp%2Fv2%2Ftags&post=1238"}],"curies":[{"name":"wp","href":"https:\/\/api.w.org\/{rel}","templated":true}]}}