{"id":1183,"date":"2023-09-27T12:13:09","date_gmt":"2023-09-27T15:13:09","guid":{"rendered":"https:\/\/semus.pmsaraguaia.pa.gov.br\/?p=1183"},"modified":"2023-09-27T12:13:12","modified_gmt":"2023-09-27T15:13:12","slug":"dia-nacional-da-doacao-de-orgaos","status":"publish","type":"post","link":"https:\/\/semus.pmsaraguaia.pa.gov.br\/?p=1183","title":{"rendered":"Dia Nacional da Doa\u00e7\u00e3o de \u00d3rg\u00e3os"},"content":{"rendered":"\n<p>Hoje \u00e9 um dia especial, o Dia Nacional da Doa\u00e7\u00e3o de \u00d3rg\u00e3os. \u00c9 um momento para celebrar o incr\u00edvel ato de amor e compaix\u00e3o que \u00e9 a doa\u00e7\u00e3o de \u00f3rg\u00e3os.<\/p>\n\n\n\n<p>Neste dia, queremos agradecer profundamente a todos os doadores e suas fam\u00edlias, que tomaram a decis\u00e3o corajosa de oferecer uma segunda chance de vida a algu\u00e9m. Voc\u00eas s\u00e3o verdadeiros her\u00f3is, aben\u00e7oando vidas com esperan\u00e7a e sa\u00fade.<\/p>\n\n\n\n<p>Para aqueles que ainda n\u00e3o registraram sua decis\u00e3o, saibam que voc\u00eas t\u00eam o poder de mudar destinos. Cada um de n\u00f3s pode ser um elo fundamental na corrente da doa\u00e7\u00e3o de \u00f3rg\u00e3os. Registre-se como doador, converse com seus entes queridos e compartilhe esse gesto de amor que salva vidas.<\/p>\n\n\n\n<p>Neste Dia Nacional da Doa\u00e7\u00e3o de \u00d3rg\u00e3os, enviamos nosso carinho e agradecimento a todos que fazem parte dessa jornada de esperan\u00e7a e renova\u00e7\u00e3o, pontuou a secretaria de sa\u00fade Kelly Conti. ??<\/p>\n\n\n\n<h1 class=\"wp-block-heading\">#Doa\u00e7\u00e3oDe\u00d3rg\u00e3os #SalvandoVidas<\/h1>\n\n\n\n<figure class=\"wp-block-image size-large\"><img loading=\"lazy\" decoding=\"async\" width=\"1024\" height=\"1024\" src=\"https:\/\/semus.pmsaraguaia.pa.gov.br\/wp-content\/uploads\/2023\/09\/WhatsApp-Image-2023-09-27-at-12.02.47-2-1024x1024.jpeg\" alt=\"\" class=\"wp-image-1184\" srcset=\"https:\/\/semus.pmsaraguaia.pa.gov.br\/wp-content\/uploads\/2023\/09\/WhatsApp-Image-2023-09-27-at-12.02.47-2-1024x1024.jpeg 1024w, https:\/\/semus.pmsaraguaia.pa.gov.br\/wp-content\/uploads\/2023\/09\/WhatsApp-Image-2023-09-27-at-12.02.47-2-300x300.jpeg 300w, https:\/\/semus.pmsaraguaia.pa.gov.br\/wp-content\/uploads\/2023\/09\/WhatsApp-Image-2023-09-27-at-12.02.47-2-150x150.jpeg 150w, https:\/\/semus.pmsaraguaia.pa.gov.br\/wp-content\/uploads\/2023\/09\/WhatsApp-Image-2023-09-27-at-12.02.47-2-768x768.jpeg 768w, https:\/\/semus.pmsaraguaia.pa.gov.br\/wp-content\/uploads\/2023\/09\/WhatsApp-Image-2023-09-27-at-12.02.47-2.jpeg 1181w\" sizes=\"(max-width: 1024px) 100vw, 1024px\" \/><\/figure>\n","protected":false},"excerpt":{"rendered":"<p>Hoje \u00e9 um dia especial, o Dia Nacional da Doa\u00e7\u00e3o de \u00d3rg\u00e3os. \u00c9 um momento para celebrar o incr\u00edvel ato de amor e compaix\u00e3o que \u00e9 a doa\u00e7\u00e3o de \u00f3rg\u00e3os. Neste dia, queremos agradecer profundamente a todos os doadores e suas fam\u00edlias, que tomaram a decis\u00e3o corajosa de oferecer uma segunda chance de vida a &hellip;<\/p>\n","protected":false},"author":3,"featured_media":1184,"comment_status":"open","ping_status":"open","sticky":false,"template":"","format":"standard","meta":{"footnotes":""},"categories":[41,39],"tags":[],"_links":{"self":[{"href":"https:\/\/semus.pmsaraguaia.pa.gov.br\/index.php?rest_route=\/wp\/v2\/posts\/1183"}],"collection":[{"href":"https:\/\/semus.pmsaraguaia.pa.gov.br\/index.php?rest_route=\/wp\/v2\/posts"}],"about":[{"href":"https:\/\/semus.pmsaraguaia.pa.gov.br\/index.php?rest_route=\/wp\/v2\/types\/post"}],"author":[{"embeddable":true,"href":"https:\/\/semus.pmsaraguaia.pa.gov.br\/index.php?rest_route=\/wp\/v2\/users\/3"}],"replies":[{"embeddable":true,"href":"https:\/\/semus.pmsaraguaia.pa.gov.br\/index.php?rest_route=%2Fwp%2Fv2%2Fcomments&post=1183"}],"version-history":[{"count":1,"href":"https:\/\/semus.pmsaraguaia.pa.gov.br\/index.php?rest_route=\/wp\/v2\/posts\/1183\/revisions"}],"predecessor-version":[{"id":1185,"href":"https:\/\/semus.pmsaraguaia.pa.gov.br\/index.php?rest_route=\/wp\/v2\/posts\/1183\/revisions\/1185"}],"wp:featuredmedia":[{"embeddable":true,"href":"https:\/\/semus.pmsaraguaia.pa.gov.br\/index.php?rest_route=\/wp\/v2\/media\/1184"}],"wp:attachment":[{"href":"https:\/\/semus.pmsaraguaia.pa.gov.br\/index.php?rest_route=%2Fwp%2Fv2%2Fmedia&parent=1183"}],"wp:term":[{"taxonomy":"category","embeddable":true,"href":"https:\/\/semus.pmsaraguaia.pa.gov.br\/index.php?rest_route=%2Fwp%2Fv2%2Fcategories&post=1183"},{"taxonomy":"post_tag","embeddable":true,"href":"https:\/\/semus.pmsaraguaia.pa.gov.br\/index.php?rest_route=%2Fwp%2Fv2%2Ftags&post=1183"}],"curies":[{"name":"wp","href":"https:\/\/api.w.org\/{rel}","templated":true}]}}