{"id":1179,"date":"2023-09-27T09:56:10","date_gmt":"2023-09-27T12:56:10","guid":{"rendered":"https:\/\/semus.pmsaraguaia.pa.gov.br\/?p=1179"},"modified":"2023-09-27T10:01:04","modified_gmt":"2023-09-27T13:01:04","slug":"dia-nacional-do-surdo-26-de-setembro","status":"publish","type":"post","link":"https:\/\/semus.pmsaraguaia.pa.gov.br\/?p=1179","title":{"rendered":"DIA NACIONAL DO SURDO 26 DE SETEMBRO"},"content":{"rendered":"\n<p>Em 26 de setembro, celebramos o Dia Nacional do Surdo no Brasil. Essa data foi escolhida para homenagear a inaugura\u00e7\u00e3o da primeira escola para surdos em 1857, um marco hist\u00f3rico que destaca a import\u00e2ncia da cultura surda e o direito \u00e0 inclus\u00e3o.<\/p>\n\n\n\n<p>O Dia Nacional do Surdo tamb\u00e9m serve como um lembrete da relev\u00e2ncia da L\u00edngua Brasileira de Sinais (Libras) como meio de comunica\u00e7\u00e3o essencial para a comunidade surda.<\/p>\n\n\n\n<p>\u00c9 uma oportunidade para sensibilizar a sociedade sobre as quest\u00f5es enfrentadas pelas pessoas surdas e promover um ambiente mais inclusivo para todos.<\/p>\n\n\n\n<p>&#8220;No Dia Nacional dos Surdos, nossos cora\u00e7\u00f5es se enchem de empatia e gratid\u00e3o pela comunidade surda. Reconhecemos suas lutas e triunfos, e nos comprometemos a construir um mundo onde a inclus\u00e3o e o amor sejam a norma, n\u00e3o a exce\u00e7\u00e3o.&#8221; acrescentou a secretaria de sa\u00fade Kelly Conti.<\/p>\n\n\n\n<p>Fonte: Secretaria de Sa\u00fade (SEMUS) ??<\/p>\n\n\n\n<h1 class=\"wp-block-heading\">#DiaNacionaldoSurdo<\/h1>\n\n\n\n<figure class=\"wp-block-video\"><video controls src=\"https:\/\/semus.pmsaraguaia.pa.gov.br\/wp-content\/uploads\/2023\/09\/WhatsApp-Video-2023-09-27-at-09.40.32.mp4\"><\/video><\/figure>\n","protected":false},"excerpt":{"rendered":"<p>Em 26 de setembro, celebramos o Dia Nacional do Surdo no Brasil. Essa data foi escolhida para homenagear a inaugura\u00e7\u00e3o da primeira escola para surdos em 1857, um marco hist\u00f3rico que destaca a import\u00e2ncia da cultura surda e o direito \u00e0 inclus\u00e3o. O Dia Nacional do Surdo tamb\u00e9m serve como um lembrete da relev\u00e2ncia da &hellip;<\/p>\n","protected":false},"author":3,"featured_media":1181,"comment_status":"open","ping_status":"open","sticky":false,"template":"","format":"standard","meta":{"footnotes":""},"categories":[1],"tags":[],"_links":{"self":[{"href":"https:\/\/semus.pmsaraguaia.pa.gov.br\/index.php?rest_route=\/wp\/v2\/posts\/1179"}],"collection":[{"href":"https:\/\/semus.pmsaraguaia.pa.gov.br\/index.php?rest_route=\/wp\/v2\/posts"}],"about":[{"href":"https:\/\/semus.pmsaraguaia.pa.gov.br\/index.php?rest_route=\/wp\/v2\/types\/post"}],"author":[{"embeddable":true,"href":"https:\/\/semus.pmsaraguaia.pa.gov.br\/index.php?rest_route=\/wp\/v2\/users\/3"}],"replies":[{"embeddable":true,"href":"https:\/\/semus.pmsaraguaia.pa.gov.br\/index.php?rest_route=%2Fwp%2Fv2%2Fcomments&post=1179"}],"version-history":[{"count":1,"href":"https:\/\/semus.pmsaraguaia.pa.gov.br\/index.php?rest_route=\/wp\/v2\/posts\/1179\/revisions"}],"predecessor-version":[{"id":1180,"href":"https:\/\/semus.pmsaraguaia.pa.gov.br\/index.php?rest_route=\/wp\/v2\/posts\/1179\/revisions\/1180"}],"wp:featuredmedia":[{"embeddable":true,"href":"https:\/\/semus.pmsaraguaia.pa.gov.br\/index.php?rest_route=\/wp\/v2\/media\/1181"}],"wp:attachment":[{"href":"https:\/\/semus.pmsaraguaia.pa.gov.br\/index.php?rest_route=%2Fwp%2Fv2%2Fmedia&parent=1179"}],"wp:term":[{"taxonomy":"category","embeddable":true,"href":"https:\/\/semus.pmsaraguaia.pa.gov.br\/index.php?rest_route=%2Fwp%2Fv2%2Fcategories&post=1179"},{"taxonomy":"post_tag","embeddable":true,"href":"https:\/\/semus.pmsaraguaia.pa.gov.br\/index.php?rest_route=%2Fwp%2Fv2%2Ftags&post=1179"}],"curies":[{"name":"wp","href":"https:\/\/api.w.org\/{rel}","templated":true}]}}