{"id":1161,"date":"2023-09-25T09:44:42","date_gmt":"2023-09-25T12:44:42","guid":{"rendered":"https:\/\/semus.pmsaraguaia.pa.gov.br\/?p=1161"},"modified":"2023-09-25T09:44:45","modified_gmt":"2023-09-25T12:44:45","slug":"setembro-verde-a-inclusao-social-das-pessoas-com-deficiencia","status":"publish","type":"post","link":"https:\/\/semus.pmsaraguaia.pa.gov.br\/?p=1161","title":{"rendered":"Setembro Verde &#8211; A inclus\u00e3o social das pessoas com defici\u00eancia"},"content":{"rendered":"\n<p>O m\u00eas de setembro foi escolhido em raz\u00e3o do dia 21 de setembro ter sido escolhido como o &#8216;Dia Nacional de Luta das Pessoas com Defici\u00eancia&#8217;, como forma de garantir a inclus\u00e3o dessas pessoas na sociedade de maneira igual e sem preconceito.<\/p>\n\n\n\n<p>\u201cIncluir \u00e9 abra\u00e7ar as diferen\u00e7as, respeitar o tempo do outro de aprender, \u00e9 a forma de inclus\u00e3o mais bonita que existe.\u201d Destacou a Secret\u00e1ria de sa\u00fade Kelly Conti.<\/p>\n\n\n\n<p>Fonte: Secretaria de Sa\u00fade (SEMUS) ??<\/p>\n\n\n\n<figure class=\"wp-block-video\"><video controls src=\"https:\/\/semus.pmsaraguaia.pa.gov.br\/wp-content\/uploads\/2023\/09\/WhatsApp-Video-2023-09-25-at-09.09.56-1.mp4\"><\/video><\/figure>\n","protected":false},"excerpt":{"rendered":"<p>O m\u00eas de setembro foi escolhido em raz\u00e3o do dia 21 de setembro ter sido escolhido como o &#8216;Dia Nacional de Luta das Pessoas com Defici\u00eancia&#8217;, como forma de garantir a inclus\u00e3o dessas pessoas na sociedade de maneira igual e sem preconceito. \u201cIncluir \u00e9 abra\u00e7ar as diferen\u00e7as, respeitar o tempo do outro de aprender, \u00e9 &hellip;<\/p>\n","protected":false},"author":3,"featured_media":1160,"comment_status":"open","ping_status":"open","sticky":false,"template":"","format":"standard","meta":{"footnotes":""},"categories":[41,39],"tags":[],"_links":{"self":[{"href":"https:\/\/semus.pmsaraguaia.pa.gov.br\/index.php?rest_route=\/wp\/v2\/posts\/1161"}],"collection":[{"href":"https:\/\/semus.pmsaraguaia.pa.gov.br\/index.php?rest_route=\/wp\/v2\/posts"}],"about":[{"href":"https:\/\/semus.pmsaraguaia.pa.gov.br\/index.php?rest_route=\/wp\/v2\/types\/post"}],"author":[{"embeddable":true,"href":"https:\/\/semus.pmsaraguaia.pa.gov.br\/index.php?rest_route=\/wp\/v2\/users\/3"}],"replies":[{"embeddable":true,"href":"https:\/\/semus.pmsaraguaia.pa.gov.br\/index.php?rest_route=%2Fwp%2Fv2%2Fcomments&post=1161"}],"version-history":[{"count":1,"href":"https:\/\/semus.pmsaraguaia.pa.gov.br\/index.php?rest_route=\/wp\/v2\/posts\/1161\/revisions"}],"predecessor-version":[{"id":1163,"href":"https:\/\/semus.pmsaraguaia.pa.gov.br\/index.php?rest_route=\/wp\/v2\/posts\/1161\/revisions\/1163"}],"wp:featuredmedia":[{"embeddable":true,"href":"https:\/\/semus.pmsaraguaia.pa.gov.br\/index.php?rest_route=\/wp\/v2\/media\/1160"}],"wp:attachment":[{"href":"https:\/\/semus.pmsaraguaia.pa.gov.br\/index.php?rest_route=%2Fwp%2Fv2%2Fmedia&parent=1161"}],"wp:term":[{"taxonomy":"category","embeddable":true,"href":"https:\/\/semus.pmsaraguaia.pa.gov.br\/index.php?rest_route=%2Fwp%2Fv2%2Fcategories&post=1161"},{"taxonomy":"post_tag","embeddable":true,"href":"https:\/\/semus.pmsaraguaia.pa.gov.br\/index.php?rest_route=%2Fwp%2Fv2%2Ftags&post=1161"}],"curies":[{"name":"wp","href":"https:\/\/api.w.org\/{rel}","templated":true}]}}