{"id":1124,"date":"2023-09-11T16:53:45","date_gmt":"2023-09-11T19:53:45","guid":{"rendered":"https:\/\/semus.pmsaraguaia.pa.gov.br\/?p=1124"},"modified":"2023-09-11T16:53:47","modified_gmt":"2023-09-11T19:53:47","slug":"setembro-amarelo-2","status":"publish","type":"post","link":"https:\/\/semus.pmsaraguaia.pa.gov.br\/?p=1124","title":{"rendered":"Setembro Amarelo"},"content":{"rendered":"\n<p>Setembro Amarelo nos convida a refletir sobre a import\u00e2ncia da empatia e da solidariedade em nossas vidas. \u00c0s vezes, um simples gesto de apoio pode fazer toda a diferen\u00e7a para algu\u00e9m que est\u00e1 passando por momentos dif\u00edceis. Vamos abrir espa\u00e7o para conversas sobre sa\u00fade mental, eliminar o estigma e mostrar que estamos aqui para apoiar uns aos outros. Juntos, podemos iluminar o caminho da esperan\u00e7a e lembrar a todos que n\u00e3o est\u00e3o sozinhos em suas jornadas. ??<\/p>\n","protected":false},"excerpt":{"rendered":"<p>Setembro Amarelo nos convida a refletir sobre a import\u00e2ncia da empatia e da solidariedade em nossas vidas. \u00c0s vezes, um simples gesto de apoio pode fazer toda a diferen\u00e7a para algu\u00e9m que est\u00e1 passando por momentos dif\u00edceis. Vamos abrir espa\u00e7o para conversas sobre sa\u00fade mental, eliminar o estigma e mostrar que estamos aqui para apoiar &hellip;<\/p>\n","protected":false},"author":3,"featured_media":1123,"comment_status":"open","ping_status":"open","sticky":false,"template":"","format":"standard","meta":{"footnotes":""},"categories":[1],"tags":[],"_links":{"self":[{"href":"https:\/\/semus.pmsaraguaia.pa.gov.br\/index.php?rest_route=\/wp\/v2\/posts\/1124"}],"collection":[{"href":"https:\/\/semus.pmsaraguaia.pa.gov.br\/index.php?rest_route=\/wp\/v2\/posts"}],"about":[{"href":"https:\/\/semus.pmsaraguaia.pa.gov.br\/index.php?rest_route=\/wp\/v2\/types\/post"}],"author":[{"embeddable":true,"href":"https:\/\/semus.pmsaraguaia.pa.gov.br\/index.php?rest_route=\/wp\/v2\/users\/3"}],"replies":[{"embeddable":true,"href":"https:\/\/semus.pmsaraguaia.pa.gov.br\/index.php?rest_route=%2Fwp%2Fv2%2Fcomments&post=1124"}],"version-history":[{"count":1,"href":"https:\/\/semus.pmsaraguaia.pa.gov.br\/index.php?rest_route=\/wp\/v2\/posts\/1124\/revisions"}],"predecessor-version":[{"id":1125,"href":"https:\/\/semus.pmsaraguaia.pa.gov.br\/index.php?rest_route=\/wp\/v2\/posts\/1124\/revisions\/1125"}],"wp:featuredmedia":[{"embeddable":true,"href":"https:\/\/semus.pmsaraguaia.pa.gov.br\/index.php?rest_route=\/wp\/v2\/media\/1123"}],"wp:attachment":[{"href":"https:\/\/semus.pmsaraguaia.pa.gov.br\/index.php?rest_route=%2Fwp%2Fv2%2Fmedia&parent=1124"}],"wp:term":[{"taxonomy":"category","embeddable":true,"href":"https:\/\/semus.pmsaraguaia.pa.gov.br\/index.php?rest_route=%2Fwp%2Fv2%2Fcategories&post=1124"},{"taxonomy":"post_tag","embeddable":true,"href":"https:\/\/semus.pmsaraguaia.pa.gov.br\/index.php?rest_route=%2Fwp%2Fv2%2Ftags&post=1124"}],"curies":[{"name":"wp","href":"https:\/\/api.w.org\/{rel}","templated":true}]}}