{"id":1121,"date":"2023-09-05T10:12:08","date_gmt":"2023-09-05T13:12:08","guid":{"rendered":"https:\/\/semus.pmsaraguaia.pa.gov.br\/?p=1121"},"modified":"2023-09-05T10:12:13","modified_gmt":"2023-09-05T13:12:13","slug":"reforma-esf-dr-wagner-pereira-da-silva","status":"publish","type":"post","link":"https:\/\/semus.pmsaraguaia.pa.gov.br\/?p=1121","title":{"rendered":"Reforma ESF Dr. Wagner Pereira da Silva"},"content":{"rendered":"\n<p>A secret\u00e1ria de Sa\u00fade, Kelly Conti, est\u00e1 acompanhando de perto a reforma do Estrat\u00e9gia Sa\u00fade da Fam\u00edlia Dr Wagner Pereira da Silva. &#8220;Estamos determinando que a reforma dessa unidade de sa\u00fade seja a mais breve poss\u00edvel. Queremos melhorar a qualidade no atendimento e possibilitar aos santanenses, um espa\u00e7o totalmente reformado, preparado para atender ao cidad\u00e3o que necessita dos servi\u00e7os em sa\u00fade.&#8221; frisou, Kelly.<\/p>\n\n\n\n<p>Aqui tem sa\u00fade!<\/p>\n\n\n\n<p>Eduardo da Machado<br>Prefeito<\/p>\n\n\n\n<p>Catarina Carveli<br>Vice-prefeita<\/p>\n\n\n\n<p>Fonte: Secretaria de Sa\u00fade (SEMUS) ??<\/p>\n\n\n\n<figure class=\"wp-block-video\"><video controls src=\"https:\/\/semus.pmsaraguaia.pa.gov.br\/wp-content\/uploads\/2023\/09\/vid-564ghj65489a7f46adsfg49qwr7g6df4a6dfgd.mp4\"><\/video><\/figure>\n","protected":false},"excerpt":{"rendered":"<p>A secret\u00e1ria de Sa\u00fade, Kelly Conti, est\u00e1 acompanhando de perto a reforma do Estrat\u00e9gia Sa\u00fade da Fam\u00edlia Dr Wagner Pereira da Silva. &#8220;Estamos determinando que a reforma dessa unidade de sa\u00fade seja a mais breve poss\u00edvel. Queremos melhorar a qualidade no atendimento e possibilitar aos santanenses, um espa\u00e7o totalmente reformado, preparado para atender ao cidad\u00e3o &hellip;<\/p>\n","protected":false},"author":1,"featured_media":1119,"comment_status":"open","ping_status":"open","sticky":false,"template":"","format":"standard","meta":{"footnotes":""},"categories":[1],"tags":[],"_links":{"self":[{"href":"https:\/\/semus.pmsaraguaia.pa.gov.br\/index.php?rest_route=\/wp\/v2\/posts\/1121"}],"collection":[{"href":"https:\/\/semus.pmsaraguaia.pa.gov.br\/index.php?rest_route=\/wp\/v2\/posts"}],"about":[{"href":"https:\/\/semus.pmsaraguaia.pa.gov.br\/index.php?rest_route=\/wp\/v2\/types\/post"}],"author":[{"embeddable":true,"href":"https:\/\/semus.pmsaraguaia.pa.gov.br\/index.php?rest_route=\/wp\/v2\/users\/1"}],"replies":[{"embeddable":true,"href":"https:\/\/semus.pmsaraguaia.pa.gov.br\/index.php?rest_route=%2Fwp%2Fv2%2Fcomments&post=1121"}],"version-history":[{"count":1,"href":"https:\/\/semus.pmsaraguaia.pa.gov.br\/index.php?rest_route=\/wp\/v2\/posts\/1121\/revisions"}],"predecessor-version":[{"id":1122,"href":"https:\/\/semus.pmsaraguaia.pa.gov.br\/index.php?rest_route=\/wp\/v2\/posts\/1121\/revisions\/1122"}],"wp:featuredmedia":[{"embeddable":true,"href":"https:\/\/semus.pmsaraguaia.pa.gov.br\/index.php?rest_route=\/wp\/v2\/media\/1119"}],"wp:attachment":[{"href":"https:\/\/semus.pmsaraguaia.pa.gov.br\/index.php?rest_route=%2Fwp%2Fv2%2Fmedia&parent=1121"}],"wp:term":[{"taxonomy":"category","embeddable":true,"href":"https:\/\/semus.pmsaraguaia.pa.gov.br\/index.php?rest_route=%2Fwp%2Fv2%2Fcategories&post=1121"},{"taxonomy":"post_tag","embeddable":true,"href":"https:\/\/semus.pmsaraguaia.pa.gov.br\/index.php?rest_route=%2Fwp%2Fv2%2Ftags&post=1121"}],"curies":[{"name":"wp","href":"https:\/\/api.w.org\/{rel}","templated":true}]}}