{"id":1107,"date":"2023-08-30T09:33:34","date_gmt":"2023-08-30T12:33:34","guid":{"rendered":"https:\/\/semus.pmsaraguaia.pa.gov.br\/?p=1107"},"modified":"2023-08-30T09:33:37","modified_gmt":"2023-08-30T12:33:37","slug":"dia-29-de-agosto-dia-nacional-de-combate-ao-tabagismo","status":"publish","type":"post","link":"https:\/\/semus.pmsaraguaia.pa.gov.br\/?p=1107","title":{"rendered":"Dia 29 de agosto, Dia Nacional de Combate ao Tabagismo"},"content":{"rendered":"\n<p>Dia 29 de agosto, Dia Nacional de Combate ao Tabagismo. Tens dificuldades em parar de fumar? Precisas de ajuda? Voc\u00ea sabia que a secretaria de Sa\u00fade disponibiliza medicamentos que podem te ajudar a largar esse v\u00edcio causador de diversas enfermidades? Ent\u00e3o, ou\u00e7a com aten\u00e7\u00e3o o recado que a t\u00e9cnica respons\u00e1vel pelo programa Tabagismo\/Siscan, Luc\u00e9lia Luz da Costa, tem para voc\u00ea:????<\/p>\n\n\n\n<p>O objetivo \u00e9 motivar fumantes a deixarem de fumar e aumentar o seu acesso para o tratamento da depend\u00eancia \u00e0 nicotina.<br>Informou a secret\u00e1ria de sa\u00fade Kelly Conti.<br>Viver bem e viver com sa\u00fade, N\u00e3o fume! Vidas importam!<\/p>\n\n\n\n<p>Fonte: Secretaria de Sa\u00fade (SEMUS) ??<\/p>\n\n\n\n<figure class=\"wp-block-video\"><video controls src=\"https:\/\/semus.pmsaraguaia.pa.gov.br\/wp-content\/uploads\/2023\/08\/vid-dsfgh456ghj4987w9e8q79yt87i9yu4jh6y.mp4\"><\/video><\/figure>\n","protected":false},"excerpt":{"rendered":"<p>Dia 29 de agosto, Dia Nacional de Combate ao Tabagismo. Tens dificuldades em parar de fumar? Precisas de ajuda? Voc\u00ea sabia que a secretaria de Sa\u00fade disponibiliza medicamentos que podem te ajudar a largar esse v\u00edcio causador de diversas enfermidades? Ent\u00e3o, ou\u00e7a com aten\u00e7\u00e3o o recado que a t\u00e9cnica respons\u00e1vel pelo programa Tabagismo\/Siscan, Luc\u00e9lia Luz &hellip;<\/p>\n","protected":false},"author":3,"featured_media":1101,"comment_status":"open","ping_status":"open","sticky":false,"template":"","format":"standard","meta":{"footnotes":""},"categories":[41,1],"tags":[],"_links":{"self":[{"href":"https:\/\/semus.pmsaraguaia.pa.gov.br\/index.php?rest_route=\/wp\/v2\/posts\/1107"}],"collection":[{"href":"https:\/\/semus.pmsaraguaia.pa.gov.br\/index.php?rest_route=\/wp\/v2\/posts"}],"about":[{"href":"https:\/\/semus.pmsaraguaia.pa.gov.br\/index.php?rest_route=\/wp\/v2\/types\/post"}],"author":[{"embeddable":true,"href":"https:\/\/semus.pmsaraguaia.pa.gov.br\/index.php?rest_route=\/wp\/v2\/users\/3"}],"replies":[{"embeddable":true,"href":"https:\/\/semus.pmsaraguaia.pa.gov.br\/index.php?rest_route=%2Fwp%2Fv2%2Fcomments&post=1107"}],"version-history":[{"count":1,"href":"https:\/\/semus.pmsaraguaia.pa.gov.br\/index.php?rest_route=\/wp\/v2\/posts\/1107\/revisions"}],"predecessor-version":[{"id":1108,"href":"https:\/\/semus.pmsaraguaia.pa.gov.br\/index.php?rest_route=\/wp\/v2\/posts\/1107\/revisions\/1108"}],"wp:featuredmedia":[{"embeddable":true,"href":"https:\/\/semus.pmsaraguaia.pa.gov.br\/index.php?rest_route=\/wp\/v2\/media\/1101"}],"wp:attachment":[{"href":"https:\/\/semus.pmsaraguaia.pa.gov.br\/index.php?rest_route=%2Fwp%2Fv2%2Fmedia&parent=1107"}],"wp:term":[{"taxonomy":"category","embeddable":true,"href":"https:\/\/semus.pmsaraguaia.pa.gov.br\/index.php?rest_route=%2Fwp%2Fv2%2Fcategories&post=1107"},{"taxonomy":"post_tag","embeddable":true,"href":"https:\/\/semus.pmsaraguaia.pa.gov.br\/index.php?rest_route=%2Fwp%2Fv2%2Ftags&post=1107"}],"curies":[{"name":"wp","href":"https:\/\/api.w.org\/{rel}","templated":true}]}}