{"id":1104,"date":"2023-08-29T09:51:24","date_gmt":"2023-08-29T12:51:24","guid":{"rendered":"https:\/\/semus.pmsaraguaia.pa.gov.br\/?p=1104"},"modified":"2023-08-29T09:51:26","modified_gmt":"2023-08-29T12:51:26","slug":"o-dia-nacional-de-combate-ao-fumo","status":"publish","type":"post","link":"https:\/\/semus.pmsaraguaia.pa.gov.br\/?p=1104","title":{"rendered":"O Dia Nacional de Combate ao Fumo"},"content":{"rendered":"\n<p>O Dia Nacional de Combate ao Fumo, \u00e9 comemorado no dia 29 de Agosto no Brasil, foi criada com o objetivo de conscientizar e mobilizar a popula\u00e7\u00e3o sobre os riscos decorrentes do uso do cigarro. &#8220;Viver bem \u00e9 viver com sa\u00fade&#8221;<\/p>\n","protected":false},"excerpt":{"rendered":"<p>O Dia Nacional de Combate ao Fumo, \u00e9 comemorado no dia 29 de Agosto no Brasil, foi criada com o objetivo de conscientizar e mobilizar a popula\u00e7\u00e3o sobre os riscos decorrentes do uso do cigarro. &#8220;Viver bem \u00e9 viver com sa\u00fade&#8221;<\/p>\n","protected":false},"author":3,"featured_media":1101,"comment_status":"open","ping_status":"open","sticky":false,"template":"","format":"standard","meta":{"footnotes":""},"categories":[1],"tags":[],"_links":{"self":[{"href":"https:\/\/semus.pmsaraguaia.pa.gov.br\/index.php?rest_route=\/wp\/v2\/posts\/1104"}],"collection":[{"href":"https:\/\/semus.pmsaraguaia.pa.gov.br\/index.php?rest_route=\/wp\/v2\/posts"}],"about":[{"href":"https:\/\/semus.pmsaraguaia.pa.gov.br\/index.php?rest_route=\/wp\/v2\/types\/post"}],"author":[{"embeddable":true,"href":"https:\/\/semus.pmsaraguaia.pa.gov.br\/index.php?rest_route=\/wp\/v2\/users\/3"}],"replies":[{"embeddable":true,"href":"https:\/\/semus.pmsaraguaia.pa.gov.br\/index.php?rest_route=%2Fwp%2Fv2%2Fcomments&post=1104"}],"version-history":[{"count":1,"href":"https:\/\/semus.pmsaraguaia.pa.gov.br\/index.php?rest_route=\/wp\/v2\/posts\/1104\/revisions"}],"predecessor-version":[{"id":1105,"href":"https:\/\/semus.pmsaraguaia.pa.gov.br\/index.php?rest_route=\/wp\/v2\/posts\/1104\/revisions\/1105"}],"wp:featuredmedia":[{"embeddable":true,"href":"https:\/\/semus.pmsaraguaia.pa.gov.br\/index.php?rest_route=\/wp\/v2\/media\/1101"}],"wp:attachment":[{"href":"https:\/\/semus.pmsaraguaia.pa.gov.br\/index.php?rest_route=%2Fwp%2Fv2%2Fmedia&parent=1104"}],"wp:term":[{"taxonomy":"category","embeddable":true,"href":"https:\/\/semus.pmsaraguaia.pa.gov.br\/index.php?rest_route=%2Fwp%2Fv2%2Fcategories&post=1104"},{"taxonomy":"post_tag","embeddable":true,"href":"https:\/\/semus.pmsaraguaia.pa.gov.br\/index.php?rest_route=%2Fwp%2Fv2%2Ftags&post=1104"}],"curies":[{"name":"wp","href":"https:\/\/api.w.org\/{rel}","templated":true}]}}