{"id":1065,"date":"2023-08-04T12:03:45","date_gmt":"2023-08-04T15:03:45","guid":{"rendered":"https:\/\/semus.pmsaraguaia.pa.gov.br\/?p=1065"},"modified":"2023-08-04T12:03:47","modified_gmt":"2023-08-04T15:03:47","slug":"atencao-primaria-a-saude-e-acolhimento","status":"publish","type":"post","link":"https:\/\/semus.pmsaraguaia.pa.gov.br\/?p=1065","title":{"rendered":"Aten\u00e7\u00e3o Prim\u00e1ria \u00e0 Sa\u00fade e Acolhimento"},"content":{"rendered":"\n<p>Aten\u00e7\u00e3o Prim\u00e1ria \u00e0 Sa\u00fade e Acolhimento<\/p>\n\n\n\n<p>Todas as Estrat\u00e9gias de Sa\u00fade da Fam\u00edlia realizam atendimento m\u00e9dico diariamente.<br>Com uma equipe multiprofissional para atender todas as demandas da melhor formar poss\u00edvel, as ESF&#8217;s contribuem sobremaneira para uma gest\u00e3o em sa\u00fade com qualidade e a fluidez necess\u00e1ria.<\/p>\n\n\n\n<p>Sa\u00fade \u00e9 um estado de completa harmonia!<br>Afirmou a secretaria de sa\u00fade Kelly Conti.<\/p>\n\n\n\n<p>Aqui tem sa\u00fade!<\/p>\n\n\n\n<p>Eduardo da Machado<br>Prefeito<\/p>\n\n\n\n<p>Catarina Carveli<br>Vice-prefeita<\/p>\n\n\n\n<p>Fonte: Secretaria de Sa\u00fade (SEMUS) ??<\/p>\n\n\n\n<figure class=\"wp-block-video\"><video controls src=\"https:\/\/semus.pmsaraguaia.pa.gov.br\/wp-content\/uploads\/2023\/08\/vid-dgh64j46u449wqaer76df5h46fgj464s98g7.mp4\"><\/video><\/figure>\n","protected":false},"excerpt":{"rendered":"<p>Aten\u00e7\u00e3o Prim\u00e1ria \u00e0 Sa\u00fade e Acolhimento Todas as Estrat\u00e9gias de Sa\u00fade da Fam\u00edlia realizam atendimento m\u00e9dico diariamente.Com uma equipe multiprofissional para atender todas as demandas da melhor formar poss\u00edvel, as ESF&#8217;s contribuem sobremaneira para uma gest\u00e3o em sa\u00fade com qualidade e a fluidez necess\u00e1ria. Sa\u00fade \u00e9 um estado de completa harmonia!Afirmou a secretaria de sa\u00fade &hellip;<\/p>\n","protected":false},"author":3,"featured_media":1064,"comment_status":"open","ping_status":"open","sticky":false,"template":"","format":"standard","meta":{"footnotes":""},"categories":[1],"tags":[],"_links":{"self":[{"href":"https:\/\/semus.pmsaraguaia.pa.gov.br\/index.php?rest_route=\/wp\/v2\/posts\/1065"}],"collection":[{"href":"https:\/\/semus.pmsaraguaia.pa.gov.br\/index.php?rest_route=\/wp\/v2\/posts"}],"about":[{"href":"https:\/\/semus.pmsaraguaia.pa.gov.br\/index.php?rest_route=\/wp\/v2\/types\/post"}],"author":[{"embeddable":true,"href":"https:\/\/semus.pmsaraguaia.pa.gov.br\/index.php?rest_route=\/wp\/v2\/users\/3"}],"replies":[{"embeddable":true,"href":"https:\/\/semus.pmsaraguaia.pa.gov.br\/index.php?rest_route=%2Fwp%2Fv2%2Fcomments&post=1065"}],"version-history":[{"count":1,"href":"https:\/\/semus.pmsaraguaia.pa.gov.br\/index.php?rest_route=\/wp\/v2\/posts\/1065\/revisions"}],"predecessor-version":[{"id":1066,"href":"https:\/\/semus.pmsaraguaia.pa.gov.br\/index.php?rest_route=\/wp\/v2\/posts\/1065\/revisions\/1066"}],"wp:featuredmedia":[{"embeddable":true,"href":"https:\/\/semus.pmsaraguaia.pa.gov.br\/index.php?rest_route=\/wp\/v2\/media\/1064"}],"wp:attachment":[{"href":"https:\/\/semus.pmsaraguaia.pa.gov.br\/index.php?rest_route=%2Fwp%2Fv2%2Fmedia&parent=1065"}],"wp:term":[{"taxonomy":"category","embeddable":true,"href":"https:\/\/semus.pmsaraguaia.pa.gov.br\/index.php?rest_route=%2Fwp%2Fv2%2Fcategories&post=1065"},{"taxonomy":"post_tag","embeddable":true,"href":"https:\/\/semus.pmsaraguaia.pa.gov.br\/index.php?rest_route=%2Fwp%2Fv2%2Ftags&post=1065"}],"curies":[{"name":"wp","href":"https:\/\/api.w.org\/{rel}","templated":true}]}}