{"id":1053,"date":"2023-08-03T10:25:56","date_gmt":"2023-08-03T13:25:56","guid":{"rendered":"https:\/\/semus.pmsaraguaia.pa.gov.br\/?p=1053"},"modified":"2023-08-03T10:34:34","modified_gmt":"2023-08-03T13:34:34","slug":"semus-participando-da-temporada-2023-praia-do-boto","status":"publish","type":"post","link":"https:\/\/semus.pmsaraguaia.pa.gov.br\/?p=1053","title":{"rendered":"SEMUS Participando da Temporada 2023 &#8211; Praia do Boto"},"content":{"rendered":"\n<p>Aqui tem sa\u00fade!<\/p>\n\n\n\n<p>Eduardo da Machado<br>Prefeito<br>A titular da pasta, Kelly Conti.<br>Catarina Carveli<br>Vice-prefeita . Terezinha a Respons\u00e1vel pela demanda e toda organiza\u00e7\u00e3o . Enfermeira Veroica a respons\u00e1vel pela UBS. Est\u00e3o Todos de parab\u00e9ns ????????????????????????????<\/p>\n\n\n\n<p>Fonte: Secretaria de Sa\u00fade (SEMUS)<\/p>\n\n\n\n<figure class=\"wp-block-video\"><video controls src=\"https:\/\/semus.pmsaraguaia.pa.gov.br\/wp-content\/uploads\/2023\/08\/vid-shf6g464uy979qw7a64fd6gfh64a6sgfsd6g46d.mp4\"><\/video><\/figure>\n","protected":false},"excerpt":{"rendered":"<p>Aqui tem sa\u00fade! Eduardo da MachadoPrefeitoA titular da pasta, Kelly Conti.Catarina CarveliVice-prefeita . Terezinha a Respons\u00e1vel pela demanda e toda organiza\u00e7\u00e3o . Enfermeira Veroica a respons\u00e1vel pela UBS. Est\u00e3o Todos de parab\u00e9ns ???????????????????????????? Fonte: Secretaria de Sa\u00fade (SEMUS)<\/p>\n","protected":false},"author":3,"featured_media":1051,"comment_status":"open","ping_status":"open","sticky":false,"template":"","format":"standard","meta":{"footnotes":""},"categories":[1],"tags":[],"_links":{"self":[{"href":"https:\/\/semus.pmsaraguaia.pa.gov.br\/index.php?rest_route=\/wp\/v2\/posts\/1053"}],"collection":[{"href":"https:\/\/semus.pmsaraguaia.pa.gov.br\/index.php?rest_route=\/wp\/v2\/posts"}],"about":[{"href":"https:\/\/semus.pmsaraguaia.pa.gov.br\/index.php?rest_route=\/wp\/v2\/types\/post"}],"author":[{"embeddable":true,"href":"https:\/\/semus.pmsaraguaia.pa.gov.br\/index.php?rest_route=\/wp\/v2\/users\/3"}],"replies":[{"embeddable":true,"href":"https:\/\/semus.pmsaraguaia.pa.gov.br\/index.php?rest_route=%2Fwp%2Fv2%2Fcomments&post=1053"}],"version-history":[{"count":1,"href":"https:\/\/semus.pmsaraguaia.pa.gov.br\/index.php?rest_route=\/wp\/v2\/posts\/1053\/revisions"}],"predecessor-version":[{"id":1054,"href":"https:\/\/semus.pmsaraguaia.pa.gov.br\/index.php?rest_route=\/wp\/v2\/posts\/1053\/revisions\/1054"}],"wp:featuredmedia":[{"embeddable":true,"href":"https:\/\/semus.pmsaraguaia.pa.gov.br\/index.php?rest_route=\/wp\/v2\/media\/1051"}],"wp:attachment":[{"href":"https:\/\/semus.pmsaraguaia.pa.gov.br\/index.php?rest_route=%2Fwp%2Fv2%2Fmedia&parent=1053"}],"wp:term":[{"taxonomy":"category","embeddable":true,"href":"https:\/\/semus.pmsaraguaia.pa.gov.br\/index.php?rest_route=%2Fwp%2Fv2%2Fcategories&post=1053"},{"taxonomy":"post_tag","embeddable":true,"href":"https:\/\/semus.pmsaraguaia.pa.gov.br\/index.php?rest_route=%2Fwp%2Fv2%2Ftags&post=1053"}],"curies":[{"name":"wp","href":"https:\/\/api.w.org\/{rel}","templated":true}]}}