{"id":1042,"date":"2023-08-01T12:42:41","date_gmt":"2023-08-01T15:42:41","guid":{"rendered":"https:\/\/semus.pmsaraguaia.pa.gov.br\/?p=1042"},"modified":"2023-08-01T12:43:22","modified_gmt":"2023-08-01T15:43:22","slug":"ajustamos-no-quadro-de-funcionamento-de-esf","status":"publish","type":"post","link":"https:\/\/semus.pmsaraguaia.pa.gov.br\/?p=1042","title":{"rendered":"Ajustamento no quadro de funcionamento de ESF"},"content":{"rendered":"\n<p>Neste m\u00eas de julho, intercalamos as f\u00e9rias e ajustamos o quadro para manter em funcionamento todas as estrat\u00e9gias de sa\u00fade da fam\u00edlia no munic\u00edpio. \u00c9 na ESF que se estabelece a rela\u00e7\u00e3o de confian\u00e7a m\u00fatua, entre m\u00e9dicos e pacientes, e \u00e9 a porta de entrada para todos os demais servi\u00e7os de sa\u00fade.<\/p>\n\n\n\n<p>&#8220;A determina\u00e7\u00e3o \u00e9 realizar um atendimento preciso e humanizado, quando se trata de sa\u00fade, isso faz toda a diferen\u00e7a&#8221;. Frisou a Secret\u00e1ria Kelly Conti.<\/p>\n\n\n\n<p>Aqui tem sa\u00fade!<\/p>\n\n\n\n<p>Eduardo da Machado<br>Prefeito<\/p>\n\n\n\n<p>Catarina Carveli<br>Vice-prefeita<\/p>\n\n\n\n<p>Fonte: Secretaria de Sa\u00fade (SEMUS)<\/p>\n\n\n\n<figure class=\"wp-block-video\"><video controls src=\"https:\/\/semus.pmsaraguaia.pa.gov.br\/wp-content\/uploads\/2023\/08\/vid-df65h4hgj6k49879aew7d646sdfg4d6fh.mp4\"><\/video><\/figure>\n","protected":false},"excerpt":{"rendered":"<p>Neste m\u00eas de julho, intercalamos as f\u00e9rias e ajustamos o quadro para manter em funcionamento todas as estrat\u00e9gias de sa\u00fade da fam\u00edlia no munic\u00edpio. \u00c9 na ESF que se estabelece a rela\u00e7\u00e3o de confian\u00e7a m\u00fatua, entre m\u00e9dicos e pacientes, e \u00e9 a porta de entrada para todos os demais servi\u00e7os de sa\u00fade. &#8220;A determina\u00e7\u00e3o \u00e9 &hellip;<\/p>\n","protected":false},"author":3,"featured_media":1043,"comment_status":"open","ping_status":"open","sticky":false,"template":"","format":"standard","meta":{"footnotes":""},"categories":[1],"tags":[],"_links":{"self":[{"href":"https:\/\/semus.pmsaraguaia.pa.gov.br\/index.php?rest_route=\/wp\/v2\/posts\/1042"}],"collection":[{"href":"https:\/\/semus.pmsaraguaia.pa.gov.br\/index.php?rest_route=\/wp\/v2\/posts"}],"about":[{"href":"https:\/\/semus.pmsaraguaia.pa.gov.br\/index.php?rest_route=\/wp\/v2\/types\/post"}],"author":[{"embeddable":true,"href":"https:\/\/semus.pmsaraguaia.pa.gov.br\/index.php?rest_route=\/wp\/v2\/users\/3"}],"replies":[{"embeddable":true,"href":"https:\/\/semus.pmsaraguaia.pa.gov.br\/index.php?rest_route=%2Fwp%2Fv2%2Fcomments&post=1042"}],"version-history":[{"count":2,"href":"https:\/\/semus.pmsaraguaia.pa.gov.br\/index.php?rest_route=\/wp\/v2\/posts\/1042\/revisions"}],"predecessor-version":[{"id":1045,"href":"https:\/\/semus.pmsaraguaia.pa.gov.br\/index.php?rest_route=\/wp\/v2\/posts\/1042\/revisions\/1045"}],"wp:featuredmedia":[{"embeddable":true,"href":"https:\/\/semus.pmsaraguaia.pa.gov.br\/index.php?rest_route=\/wp\/v2\/media\/1043"}],"wp:attachment":[{"href":"https:\/\/semus.pmsaraguaia.pa.gov.br\/index.php?rest_route=%2Fwp%2Fv2%2Fmedia&parent=1042"}],"wp:term":[{"taxonomy":"category","embeddable":true,"href":"https:\/\/semus.pmsaraguaia.pa.gov.br\/index.php?rest_route=%2Fwp%2Fv2%2Fcategories&post=1042"},{"taxonomy":"post_tag","embeddable":true,"href":"https:\/\/semus.pmsaraguaia.pa.gov.br\/index.php?rest_route=%2Fwp%2Fv2%2Ftags&post=1042"}],"curies":[{"name":"wp","href":"https:\/\/api.w.org\/{rel}","templated":true}]}}