{"id":1025,"date":"2023-07-12T08:57:59","date_gmt":"2023-07-12T11:57:59","guid":{"rendered":"https:\/\/semus.pmsaraguaia.pa.gov.br\/?p=1025"},"modified":"2023-08-03T10:35:16","modified_gmt":"2023-08-03T13:35:16","slug":"pre-natal-odontologico-2","status":"publish","type":"post","link":"https:\/\/semus.pmsaraguaia.pa.gov.br\/?p=1025","title":{"rendered":"Pr\u00e9-Natal Odontol\u00f3gico"},"content":{"rendered":"\n<p>Visitar o dentista regularmente e fazer o acompanhamento preventivo de sa\u00fade bucal \u00e9 de extrema import\u00e2ncia ao longo da vida, principalmente durante a gesta\u00e7\u00e3o.<\/p>\n\n\n\n<p>A assist\u00eancia ao pr\u00e9-Natal integral busca assegurar o desenvolvimento da gesta\u00e7\u00e3o e manter a sa\u00fade materno infantil, considerando os aspectos de promo\u00e7\u00e3o e preven\u00e7\u00e3o em sa\u00fade.<\/p>\n\n\n\n<p>&#8220;A gravidez requer cuidados com a sa\u00fade bucal, um deles o pr\u00e9-natal odontol\u00f3gico destacou a secret\u00e1ria de Sa\u00fade, Kelly Conti.<\/p>\n\n\n\n<p>Aqui tem sa\u00fade!<\/p>\n\n\n\n<p>Eduardo da Machado<br>Prefeito<\/p>\n\n\n\n<p>Catarina Carveli<br>Vice-prefeita<\/p>\n\n\n\n<p>Fonte: Secretaria de Sa\u00fade (SEMUS)<\/p>\n\n\n\n<figure class=\"wp-block-video\"><video controls src=\"https:\/\/semus.pmsaraguaia.pa.gov.br\/wp-content\/uploads\/2023\/07\/vid-d6jhg544poi6u46sd4f64wr6gf64j6o98ip.mp4\"><\/video><\/figure>\n","protected":false},"excerpt":{"rendered":"<p>Visitar o dentista regularmente e fazer o acompanhamento preventivo de sa\u00fade bucal \u00e9 de extrema import\u00e2ncia ao longo da vida, principalmente durante a gesta\u00e7\u00e3o. A assist\u00eancia ao pr\u00e9-Natal integral busca assegurar o desenvolvimento da gesta\u00e7\u00e3o e manter a sa\u00fade materno infantil, considerando os aspectos de promo\u00e7\u00e3o e preven\u00e7\u00e3o em sa\u00fade. &#8220;A gravidez requer cuidados com &hellip;<\/p>\n","protected":false},"author":3,"featured_media":1024,"comment_status":"open","ping_status":"open","sticky":false,"template":"","format":"standard","meta":{"footnotes":""},"categories":[41],"tags":[],"_links":{"self":[{"href":"https:\/\/semus.pmsaraguaia.pa.gov.br\/index.php?rest_route=\/wp\/v2\/posts\/1025"}],"collection":[{"href":"https:\/\/semus.pmsaraguaia.pa.gov.br\/index.php?rest_route=\/wp\/v2\/posts"}],"about":[{"href":"https:\/\/semus.pmsaraguaia.pa.gov.br\/index.php?rest_route=\/wp\/v2\/types\/post"}],"author":[{"embeddable":true,"href":"https:\/\/semus.pmsaraguaia.pa.gov.br\/index.php?rest_route=\/wp\/v2\/users\/3"}],"replies":[{"embeddable":true,"href":"https:\/\/semus.pmsaraguaia.pa.gov.br\/index.php?rest_route=%2Fwp%2Fv2%2Fcomments&post=1025"}],"version-history":[{"count":1,"href":"https:\/\/semus.pmsaraguaia.pa.gov.br\/index.php?rest_route=\/wp\/v2\/posts\/1025\/revisions"}],"predecessor-version":[{"id":1026,"href":"https:\/\/semus.pmsaraguaia.pa.gov.br\/index.php?rest_route=\/wp\/v2\/posts\/1025\/revisions\/1026"}],"wp:featuredmedia":[{"embeddable":true,"href":"https:\/\/semus.pmsaraguaia.pa.gov.br\/index.php?rest_route=\/wp\/v2\/media\/1024"}],"wp:attachment":[{"href":"https:\/\/semus.pmsaraguaia.pa.gov.br\/index.php?rest_route=%2Fwp%2Fv2%2Fmedia&parent=1025"}],"wp:term":[{"taxonomy":"category","embeddable":true,"href":"https:\/\/semus.pmsaraguaia.pa.gov.br\/index.php?rest_route=%2Fwp%2Fv2%2Fcategories&post=1025"},{"taxonomy":"post_tag","embeddable":true,"href":"https:\/\/semus.pmsaraguaia.pa.gov.br\/index.php?rest_route=%2Fwp%2Fv2%2Ftags&post=1025"}],"curies":[{"name":"wp","href":"https:\/\/api.w.org\/{rel}","templated":true}]}}