{"id":1016,"date":"2023-07-06T10:06:21","date_gmt":"2023-07-06T13:06:21","guid":{"rendered":"https:\/\/semus.pmsaraguaia.pa.gov.br\/?p=1016"},"modified":"2023-07-06T10:07:40","modified_gmt":"2023-07-06T13:07:40","slug":"pre-natal-odontologico","status":"publish","type":"post","link":"https:\/\/semus.pmsaraguaia.pa.gov.br\/?p=1016","title":{"rendered":"Pr\u00e9-Natal Odontol\u00f3gico"},"content":{"rendered":"\n<p>A gesta\u00e7\u00e3o \u00e9 um per\u00edodo singular e valioso no ciclo da vida da mulher.<br>O principal objetivo do Pr\u00e9-Natal odontol\u00f3gico \u00e9 acolher a mulher desde o in\u00edcio da sua gravidez, quando elas passam por um per\u00edodo de grandes mudan\u00e7as f\u00edsicas e emocionais, al\u00e9m da assist\u00eancia em todas as necessidades.<br>\u00c9 importante um atendimento diferenciado \u00e0 gestante, para que se promova a sa\u00fade bucal da m\u00e3e e consequentemente do beb\u00ea. Destacou a secret\u00e1ria de sa\u00fade Kelly Conti.<\/p>\n\n\n\n<p>Aqui tem sa\u00fade!<\/p>\n\n\n\n<p>Eduardo da Machado<br>Prefeito<\/p>\n\n\n\n<p>Catarina Carveli<br>Vice-prefeita<\/p>\n\n\n\n<p>Fonte: Secretaria de Sa\u00fade (SEMUS)<\/p>\n\n\n\n<figure class=\"wp-block-video\"><video controls src=\"https:\/\/semus.pmsaraguaia.pa.gov.br\/wp-content\/uploads\/2023\/07\/vid-64jkl6fdg64qwe87979uio7gfhj6asdf4.mp4\"><\/video><\/figure>\n","protected":false},"excerpt":{"rendered":"<p>A gesta\u00e7\u00e3o \u00e9 um per\u00edodo singular e valioso no ciclo da vida da mulher.O principal objetivo do Pr\u00e9-Natal odontol\u00f3gico \u00e9 acolher a mulher desde o in\u00edcio da sua gravidez, quando elas passam por um per\u00edodo de grandes mudan\u00e7as f\u00edsicas e emocionais, al\u00e9m da assist\u00eancia em todas as necessidades.\u00c9 importante um atendimento diferenciado \u00e0 gestante, para &hellip;<\/p>\n","protected":false},"author":3,"featured_media":1015,"comment_status":"open","ping_status":"open","sticky":false,"template":"","format":"standard","meta":{"footnotes":""},"categories":[39,1],"tags":[],"_links":{"self":[{"href":"https:\/\/semus.pmsaraguaia.pa.gov.br\/index.php?rest_route=\/wp\/v2\/posts\/1016"}],"collection":[{"href":"https:\/\/semus.pmsaraguaia.pa.gov.br\/index.php?rest_route=\/wp\/v2\/posts"}],"about":[{"href":"https:\/\/semus.pmsaraguaia.pa.gov.br\/index.php?rest_route=\/wp\/v2\/types\/post"}],"author":[{"embeddable":true,"href":"https:\/\/semus.pmsaraguaia.pa.gov.br\/index.php?rest_route=\/wp\/v2\/users\/3"}],"replies":[{"embeddable":true,"href":"https:\/\/semus.pmsaraguaia.pa.gov.br\/index.php?rest_route=%2Fwp%2Fv2%2Fcomments&post=1016"}],"version-history":[{"count":3,"href":"https:\/\/semus.pmsaraguaia.pa.gov.br\/index.php?rest_route=\/wp\/v2\/posts\/1016\/revisions"}],"predecessor-version":[{"id":1019,"href":"https:\/\/semus.pmsaraguaia.pa.gov.br\/index.php?rest_route=\/wp\/v2\/posts\/1016\/revisions\/1019"}],"wp:featuredmedia":[{"embeddable":true,"href":"https:\/\/semus.pmsaraguaia.pa.gov.br\/index.php?rest_route=\/wp\/v2\/media\/1015"}],"wp:attachment":[{"href":"https:\/\/semus.pmsaraguaia.pa.gov.br\/index.php?rest_route=%2Fwp%2Fv2%2Fmedia&parent=1016"}],"wp:term":[{"taxonomy":"category","embeddable":true,"href":"https:\/\/semus.pmsaraguaia.pa.gov.br\/index.php?rest_route=%2Fwp%2Fv2%2Fcategories&post=1016"},{"taxonomy":"post_tag","embeddable":true,"href":"https:\/\/semus.pmsaraguaia.pa.gov.br\/index.php?rest_route=%2Fwp%2Fv2%2Ftags&post=1016"}],"curies":[{"name":"wp","href":"https:\/\/api.w.org\/{rel}","templated":true}]}}